{
    "id": 89332,
    "date": "2025-12-05T01:07:48",
    "date_gmt": "2025-12-04T22:07:48",
    "guid": {
        "rendered": "https:\/\/baldumarket.lt\/product\/drewniane-krzeselko-dzieciece-ad230-krecik-sosna-naturalny\/"
    },
    "modified": "2026-02-04T00:11:06",
    "modified_gmt": "2026-02-03T21:11:06",
    "slug": "drewniane-krzeselko-dzieciece-ad230-krecik-sosna-naturalny",
    "status": "publish",
    "type": "product",
    "link": "https:\/\/baldumarket.lt\/en\/product\/drewniane-krzeselko-dzieciece-ad230-krecik-sosna-naturalny\/",
    "title": {
        "rendered": "Medin\u0117 vaiki\u0161ka k\u0117d\u0117 AD230 &#8211; Krecik nat\u016brali pu\u0161is"
    },
    "content": {
        "rendered": "<p>The AD230 wooden chair, decorated with the cartoon character &#8220;Mole,&#8221; is the perfect piece of furniture for a child&#8217;s room. Made of solid pine wood, it&#8217;s durable and long-lasting. It will also add warmth and coziness to the child&#8217;s room. Paired with the AD232 Krecik table from the same series, the chair will create a fairytale corner for your little one.<\/p>",
        "protected": false
    },
    "excerpt": {
        "rendered": "<p>The AD230 wooden chair, decorated with the cartoon character &#8220;Mole,&#8221; is the perfect piece of furniture for a child&#8217;s room. Made of solid pine wood, it&#8217;s durable and long-lasting. It will also add warmth and coziness to the child&#8217;s room. Paired with the AD232 Krecik table from the same series, the chair will create a [&hellip;]<\/p>",
        "protected": false
    },
    "featured_media": 89333,
    "comment_status": "open",
    "ping_status": "open",
    "template": "",
    "meta": [],
    "product_brand": [],
    "product_cat": [
        9307,
        1930,
        2113
    ],
    "product_tag": [],
    "class_list": {
        "0": "post-89332",
        "1": "product",
        "2": "type-product",
        "3": "status-publish",
        "4": "has-post-thumbnail",
        "6": "product_cat-garden-furniture-drewmax",
        "7": "product_cat-chairs",
        "8": "product_cat-drewmax",
        "10": "first",
        "11": "instock",
        "12": "purchasable",
        "13": "product-type-simple"
    },
    "_links": {
        "self": [
            {
                "href": "https:\/\/baldumarket.lt\/en\/wp-json\/wp\/v2\/product\/89332",
                "targetHints": {
                    "allow": [
                        "GET"
                    ]
                }
            }
        ],
        "collection": [
            {
                "href": "https:\/\/baldumarket.lt\/en\/wp-json\/wp\/v2\/product"
            }
        ],
        "about": [
            {
                "href": "https:\/\/baldumarket.lt\/en\/wp-json\/wp\/v2\/types\/product"
            }
        ],
        "replies": [
            {
                "embeddable": true,
                "href": "https:\/\/baldumarket.lt\/en\/wp-json\/wp\/v2\/comments?post=89332"
            }
        ],
        "wp:featuredmedia": [
            {
                "embeddable": true,
                "href": "https:\/\/baldumarket.lt\/en\/wp-json\/wp\/v2\/media\/89333"
            }
        ],
        "wp:attachment": [
            {
                "href": "https:\/\/baldumarket.lt\/en\/wp-json\/wp\/v2\/media?parent=89332"
            }
        ],
        "wp:term": [
            {
                "taxonomy": "product_brand",
                "embeddable": true,
                "href": "https:\/\/baldumarket.lt\/en\/wp-json\/wp\/v2\/product_brand?post=89332"
            },
            {
                "taxonomy": "product_cat",
                "embeddable": true,
                "href": "https:\/\/baldumarket.lt\/en\/wp-json\/wp\/v2\/product_cat?post=89332"
            },
            {
                "taxonomy": "product_tag",
                "embeddable": true,
                "href": "https:\/\/baldumarket.lt\/en\/wp-json\/wp\/v2\/product_tag?post=89332"
            }
        ],
        "curies": [
            {
                "name": "wp",
                "href": "https:\/\/api.w.org\/{rel}",
                "templated": true
            }
        ]
    }
}