{
    "id": 331747,
    "date": "2026-02-24T00:49:28",
    "date_gmt": "2026-02-23T21:49:28",
    "guid": {
        "rendered": "https:\/\/baldumarket.lt\/?post_type=product&#038;p=331747"
    },
    "modified": "2026-04-14T16:36:02",
    "modified_gmt": "2026-04-14T13:36:02",
    "slug": "lova-su-daiktadeze-ir-minkstu-ciuziniu-lagos-iii-90x200-cm",
    "status": "publish",
    "type": "product",
    "link": "https:\/\/baldumarket.lt\/en\/product\/lova-su-daiktadeze-ir-minkstu-ciuziniu-lagos-iii-90x200-cm\/",
    "title": {
        "rendered": "Lova su daiktad\u0117\u017ee ir mink\u0161tu \u010diu\u017einiu LAGOS III 90&#215;200 cm"
    },
    "content": {
        "rendered": "<p>The Lagos 3 upholstered bed is a modern bed designed for teenagers and adults (when choosing a Bonnell spring mattress).<br \/>\nThe modern design and simplicity of the bed allow it to fit into any interior. Lagos Bed Specifications:<br \/>\nBed with a sleeping area of \u200b\u200b90&#215;200 cm<br \/>\nMade of laminated board<br \/>\nThe bed box is covered in white eco-leather (cannot be changed)<br \/>\nA 14 cm high foam mattress is included<br \/>\nAn optional Bonnell spring mattress is available for an additional fee<br \/>\nUpholstered mattress and backrests &#8211; 6 colors to choose from &#8211; select color tab<br \/>\nThe bed has a bedding storage box<br \/>\nThe bedding storage box is equipped with springs, making opening the storage box convenient and easy<br \/>\nSet as shown in the photo or vice versa<br \/>\nDiamond quilting<br \/>\nExternal dimensions of the bed (length\/width\/height) &#8211; 205x95x100 cm<br \/>\nSleeping area dimensions &#8211; 200&#215;90 cm<br \/>\nSleeping area height &#8211; 52 cm<br \/>\nBedding storage box material &#8211; 16 mm laminated board + wood<br \/>\nBackrest material &#8211; 16 mm laminated board + T21 foam<br \/>\nMattress material &#8211; choice of: T21 foam block mattress or Bonnell spring mattress + T21 foam<br \/>\nBed legs material &#8211; varnished wood<br \/>\nNote: The manufacturer reserves the right to make design changes to the furniture without changing its overall character. Colors in the photos may differ from actual colors. All dimensions are given in cm with a tolerance of +\/- 2 cm.<\/p>",
        "protected": false
    },
    "excerpt": {
        "rendered": "<p>width [cm] 205<br \/>\nheight [cm] 100<br \/>\ndepth [cm] 95<\/p>",
        "protected": false
    },
    "featured_media": 193375,
    "comment_status": "open",
    "ping_status": "closed",
    "template": "",
    "meta": [],
    "product_brand": [],
    "product_cat": [
        9790,
        505,
        1968,
        4775
    ],
    "product_tag": [],
    "class_list": {
        "0": "post-331747",
        "1": "product",
        "2": "type-product",
        "3": "status-publish",
        "4": "has-post-thumbnail",
        "6": "product_cat-upholstered-beds-meblobed",
        "7": "product_cat-bedroom-beds",
        "8": "product_cat-beds-90x200",
        "9": "product_cat-meblobed",
        "11": "first",
        "12": "instock",
        "13": "shipping-taxable",
        "14": "purchasable",
        "15": "product-type-variable",
        "16": "wvs-archive-product-wrapper"
    },
    "_links": {
        "self": [
            {
                "href": "https:\/\/baldumarket.lt\/en\/wp-json\/wp\/v2\/product\/331747",
                "targetHints": {
                    "allow": [
                        "GET"
                    ]
                }
            }
        ],
        "collection": [
            {
                "href": "https:\/\/baldumarket.lt\/en\/wp-json\/wp\/v2\/product"
            }
        ],
        "about": [
            {
                "href": "https:\/\/baldumarket.lt\/en\/wp-json\/wp\/v2\/types\/product"
            }
        ],
        "replies": [
            {
                "embeddable": true,
                "href": "https:\/\/baldumarket.lt\/en\/wp-json\/wp\/v2\/comments?post=331747"
            }
        ],
        "wp:featuredmedia": [
            {
                "embeddable": true,
                "href": "https:\/\/baldumarket.lt\/en\/wp-json\/wp\/v2\/media\/193375"
            }
        ],
        "wp:attachment": [
            {
                "href": "https:\/\/baldumarket.lt\/en\/wp-json\/wp\/v2\/media?parent=331747"
            }
        ],
        "wp:term": [
            {
                "taxonomy": "product_brand",
                "embeddable": true,
                "href": "https:\/\/baldumarket.lt\/en\/wp-json\/wp\/v2\/product_brand?post=331747"
            },
            {
                "taxonomy": "product_cat",
                "embeddable": true,
                "href": "https:\/\/baldumarket.lt\/en\/wp-json\/wp\/v2\/product_cat?post=331747"
            },
            {
                "taxonomy": "product_tag",
                "embeddable": true,
                "href": "https:\/\/baldumarket.lt\/en\/wp-json\/wp\/v2\/product_tag?post=331747"
            }
        ],
        "curies": [
            {
                "name": "wp",
                "href": "https:\/\/api.w.org\/{rel}",
                "templated": true
            }
        ]
    }
}