{
    "id": 330495,
    "date": "2026-01-16T22:56:27",
    "date_gmt": "2026-01-16T19:56:27",
    "guid": {
        "rendered": "https:\/\/baldumarket.lt\/product\/polka-simi-gb-68-cm-czarna-zachwyci-milosnikow-wyrazistych-wnetrz-atrakcyjna-pod-wzgledem-wizualnym-oraz-funkcjonalnym\/"
    },
    "modified": "2026-02-11T18:01:22",
    "modified_gmt": "2026-02-11T15:01:22",
    "slug": "polka-simi-gb-68-cm-czarna-zachwyci-milosnikow-wyrazistych-wnetrz-atrakcyjna-pod-wzgledem-wizualnym-oraz-funkcjonalnym",
    "status": "publish",
    "type": "product",
    "link": "https:\/\/baldumarket.lt\/en\/product\/polka-simi-gb-68-cm-czarna-zachwyci-milosnikow-wyrazistych-wnetrz-atrakcyjna-pod-wzgledem-wizualnym-oraz-funkcjonalnym\/",
    "title": {
        "rendered": "Simi GB 68 cm juoda lentyna prad\u017eiugins i\u0161rai\u0161kingo interjero m\u0117g\u0117jus, patrauklius tiek vizualiai, tiek funkcionaliai"
    },
    "content": {
        "rendered": "<p>The Simi shelf is a bold addition to living rooms and dining rooms.<br \/>\nThis black shelf is a perfect choice for living rooms and dining rooms, sure to delight those who love bold interiors. The Simi shelf is both visually and functionally appealing. The shelf is made of high-quality, 32mm-thick laminated board, which is resistant to external factors such as dents, impacts, and scratches.<br \/>\nThe Simi shelf is suitable for both small and large interiors.<br \/>\nShelf dimensions:<br \/>\nHeight: 3.2 cm<br \/>\nWidth: 68 cm<br \/>\nDepth: 20 cm<\/p>",
        "protected": false
    },
    "excerpt": {
        "rendered": "<p>width: 68 cm<br \/>\nheight: 3.2 cm<br \/>\ndepth: 20 cm<\/p>",
        "protected": false
    },
    "featured_media": 330496,
    "comment_status": "open",
    "ping_status": "open",
    "template": "",
    "meta": [],
    "product_brand": [],
    "product_cat": [
        9235,
        1043
    ],
    "product_tag": [],
    "class_list": {
        "0": "post-330495",
        "1": "product",
        "2": "type-product",
        "3": "status-publish",
        "4": "has-post-thumbnail",
        "6": "product_cat-gib-meble",
        "7": "product_cat-extras",
        "9": "first",
        "10": "instock",
        "11": "purchasable",
        "12": "product-type-simple"
    },
    "_links": {
        "self": [
            {
                "href": "https:\/\/baldumarket.lt\/en\/wp-json\/wp\/v2\/product\/330495",
                "targetHints": {
                    "allow": [
                        "GET"
                    ]
                }
            }
        ],
        "collection": [
            {
                "href": "https:\/\/baldumarket.lt\/en\/wp-json\/wp\/v2\/product"
            }
        ],
        "about": [
            {
                "href": "https:\/\/baldumarket.lt\/en\/wp-json\/wp\/v2\/types\/product"
            }
        ],
        "replies": [
            {
                "embeddable": true,
                "href": "https:\/\/baldumarket.lt\/en\/wp-json\/wp\/v2\/comments?post=330495"
            }
        ],
        "wp:featuredmedia": [
            {
                "embeddable": true,
                "href": "https:\/\/baldumarket.lt\/en\/wp-json\/wp\/v2\/media\/330496"
            }
        ],
        "wp:attachment": [
            {
                "href": "https:\/\/baldumarket.lt\/en\/wp-json\/wp\/v2\/media?parent=330495"
            }
        ],
        "wp:term": [
            {
                "taxonomy": "product_brand",
                "embeddable": true,
                "href": "https:\/\/baldumarket.lt\/en\/wp-json\/wp\/v2\/product_brand?post=330495"
            },
            {
                "taxonomy": "product_cat",
                "embeddable": true,
                "href": "https:\/\/baldumarket.lt\/en\/wp-json\/wp\/v2\/product_cat?post=330495"
            },
            {
                "taxonomy": "product_tag",
                "embeddable": true,
                "href": "https:\/\/baldumarket.lt\/en\/wp-json\/wp\/v2\/product_tag?post=330495"
            }
        ],
        "curies": [
            {
                "name": "wp",
                "href": "https:\/\/api.w.org\/{rel}",
                "templated": true
            }
        ]
    }
}