{
    "id": 320208,
    "date": "2026-01-16T09:46:44",
    "date_gmt": "2026-01-16T06:46:44",
    "guid": {
        "rendered": "https:\/\/baldumarket.lt\/product\/zestaw-mebli-kuchennych-kuchnie-ava-nessa-490-cm\/"
    },
    "modified": "2026-04-23T18:34:32",
    "modified_gmt": "2026-04-23T15:34:32",
    "slug": "zestaw-mebli-kuchennych-kuchnie-ava-nessa-490-cm",
    "status": "publish",
    "type": "product",
    "link": "https:\/\/baldumarket.lt\/en\/product\/zestaw-mebli-kuchennych-kuchnie-ava-nessa-490-cm\/",
    "title": {
        "rendered": "Virtuv\u0117s bald\u0173 komplektas Ava + Nessa virtuv\u0117s 490 cm"
    },
    "content": {
        "rendered": "<h5><span style=\"color: #54859b\">Visit our virtual store of the Stolarz-Lempert brand<\/span><\/h5>\n<p> <a href=\"http:\/\/spacer.lempert.pl\/\" target=\"_blank\" rel=\"noopener\"><span style=\"color: #e47025\">http:\/\/spacer.lempert.pl\/<\/span><\/a><\/p>\n<p>The Ava and Nessa kitchen is a set of highly practical and beautiful furniture. The system consists of dozens of cabinets \u2013 Scandinavian-style kitchen furniture. The cabinet fronts are smooth and lamella-effect. A wide selection of countertops. Solid handles add character to the furniture and facilitate access to the products stored within. They perfectly complement the entire set. Parameters:<br \/>\nBoard type, thickness, color:<br \/>\n16 mm anthracite laminated board bodies, 2.5 mm white HDF back<br \/>\n18 mm MDF fronts, artisan oak and 16 mm anthracite laminated board fronts<br \/>\nEdge type:<br \/>\nmelamine bodies<br \/>\nABS fronts<br \/>\nLegs &#8211; adjustable, 15 cm high<br \/>\nHandles &#8211; 2Z128-160 D50 black 16 mm metal and GM 315 P2 black knob<br \/>\nDrawer opening system &#8211; runner type &#8211; PREMIUM BOX<br \/>\nHinge type &#8211; soft-close (except for the 90\/90 cm corner cabinet)<br \/>\nUniversal fronts &#8211; left-hand or right-hand mounting.<br \/>\nCabinets &#8211; without countertops. Soft-close fronts and drawers, kitchen on adjustable feet, plinth not included.<br \/>\n\u00a0<br \/>\n\u00a0Colors:<br \/>\nFronts: 18mm MDF lamella\/artisan oak\/anthracite<br \/>\nBody: 16mm laminated board, anthracite (melamine)<br \/>\nCountertop in the photo: 38-U12290 Anthracite<br \/>\nThe two-tone design features Nessa and Ava kitchen cabinets (wood-effect).<br \/>\nThe price listed includes cabinets without countertops:<br \/>\nNessa kitchen base + deep extensions<br \/>\n60 cm oven cabinet with drawers &#8211; 60 DPS 215 3S1F<br \/>\n60 cm refrigerator cabinet &#8211; 60 LO-215 2F<br \/>\n50 cm under-sink cabinet &#8211; 50 ZL 1F BB<br \/>\n80 cm drawers &#8211; 80D 3S BB<br \/>\n60 cm with 1 front &#8211; 60D 1F BB<br \/>\n80 cm &#8211; 80D 2F BB<br \/>\n40 cm pantry cabinet &#8211; 40 DK-215 2F<br \/>\n60 cm pantry cabinet &#8211; 60 DK-215 2F<br \/>\n60 cm deep extensions 60 NAGU-36 1F &#8211; 4 pieces<br \/>\n80 cm deep extensions 80 NAGU-36 1F &#8211; 2 pieces<br \/>\n50 cm extension 50 cm deep NAGU-36 1F &#8211; 1 piece<br \/>\n40 cm deep extension NAGU-36 1F &#8211; 1 piece<br \/>\nAva kitchen top<br \/>\n50 cm 50 G-72 1F<br \/>\n80 cm &#8211; 80 G-72 2F<br \/>\n60 cm 60 G-72 1F<br \/>\n80 cm &#8211; 80 G-72 2F<br \/>\nand two 2-meter plinths + one 1-meter plinth<br \/>\nThe kitchen requires a 270 cm long countertop<\/p>",
        "protected": false
    },
    "excerpt": {
        "rendered": "<p>Front type: Laminated board \/ MDF \/ Lacquered MDF<br \/>\nKitchen color: Artisan oak lamellas<br \/>\nKitchen style: Scandinavian<br \/>\nFront type: Laminated board \/ MDF \/ Lacquered MDF<br \/>\nDepth with top [cm]: 60<br \/>\nHeight [cm]: 72 top<br \/>\nHeight without top [cm]: 87<\/p>",
        "protected": false
    },
    "featured_media": 320209,
    "comment_status": "open",
    "ping_status": "open",
    "template": "",
    "meta": [],
    "product_brand": [],
    "product_cat": [
        9234,
        1932
    ],
    "product_tag": [],
    "class_list": {
        "0": "post-320208",
        "1": "product",
        "2": "type-product",
        "3": "status-publish",
        "4": "has-post-thumbnail",
        "6": "product_cat-stolarz-lempert",
        "7": "product_cat-kitchen-sets",
        "9": "first",
        "10": "instock",
        "11": "purchasable",
        "12": "product-type-simple"
    },
    "_links": {
        "self": [
            {
                "href": "https:\/\/baldumarket.lt\/en\/wp-json\/wp\/v2\/product\/320208",
                "targetHints": {
                    "allow": [
                        "GET"
                    ]
                }
            }
        ],
        "collection": [
            {
                "href": "https:\/\/baldumarket.lt\/en\/wp-json\/wp\/v2\/product"
            }
        ],
        "about": [
            {
                "href": "https:\/\/baldumarket.lt\/en\/wp-json\/wp\/v2\/types\/product"
            }
        ],
        "replies": [
            {
                "embeddable": true,
                "href": "https:\/\/baldumarket.lt\/en\/wp-json\/wp\/v2\/comments?post=320208"
            }
        ],
        "wp:featuredmedia": [
            {
                "embeddable": true,
                "href": "https:\/\/baldumarket.lt\/en\/wp-json\/wp\/v2\/media\/320209"
            }
        ],
        "wp:attachment": [
            {
                "href": "https:\/\/baldumarket.lt\/en\/wp-json\/wp\/v2\/media?parent=320208"
            }
        ],
        "wp:term": [
            {
                "taxonomy": "product_brand",
                "embeddable": true,
                "href": "https:\/\/baldumarket.lt\/en\/wp-json\/wp\/v2\/product_brand?post=320208"
            },
            {
                "taxonomy": "product_cat",
                "embeddable": true,
                "href": "https:\/\/baldumarket.lt\/en\/wp-json\/wp\/v2\/product_cat?post=320208"
            },
            {
                "taxonomy": "product_tag",
                "embeddable": true,
                "href": "https:\/\/baldumarket.lt\/en\/wp-json\/wp\/v2\/product_tag?post=320208"
            }
        ],
        "curies": [
            {
                "name": "wp",
                "href": "https:\/\/api.w.org\/{rel}",
                "templated": true
            }
        ]
    }
}