{
    "id": 260359,
    "date": "2026-01-13T22:56:20",
    "date_gmt": "2026-01-13T19:56:20",
    "guid": {
        "rendered": "https:\/\/baldumarket.lt\/product\/krzeslo-tapicerowane-alla-3-czarny-szary\/"
    },
    "modified": "2026-02-11T18:19:52",
    "modified_gmt": "2026-02-11T15:19:52",
    "slug": "krzeslo-tapicerowane-alla-3-czarny-szary",
    "status": "publish",
    "type": "product",
    "link": "https:\/\/baldumarket.lt\/en\/product\/krzeslo-tapicerowane-alla-3-czarny-szary\/",
    "title": {
        "rendered": "ALLA 3 mink\u0161ta k\u0117d\u0117, juoda\/pilka"
    },
    "content": {
        "rendered": "<p>ALLA 3 Chair \u2013 A Harmony of Style and Comfort. The ALLA 3 chair combines contemporary design with everyday functionality. The soft fabric-upholstered seat, filled with foam, and mounted on solid particleboard ensures comfort and durability for years to come. The gray upholstery adds a subdued elegance to the interior, harmonizing well with various color palettes.<br \/>\nThe frame, made of solid beech wood in black, adds a modern touch. The stable backrest provides comfortable back support, making the chair suitable not only at the table but also in an office or lounge space.<br \/>\nIts simple form, meticulous craftsmanship, and neutral colors make the ALLA 3 chair suitable for minimalist, Scandinavian, or classic interiors. This is the perfect choice for those who value elegance and comfort in everyday use. Special features: Frame: black beech wood Seat filling: chipboard and foam Upholstery color: gray Design: modern, simple form Universal use: dining room, living room, office<\/p>\n<p>Product code MT_DREW-KRZ-ALLA_3-CA-BARREL_90 Width 43 cm Depth 51 cm Seat depth 40 cm Height 95 cm Seat height 47 cm Collection Alla Color black\/barrel 90 Shade black Style modern Material wood\/fabric Frame wood Armrests without armrests Manufacturer Black Red White Furniture type Chairs VAT tax 23% EAN 5906123136884<\/p>",
        "protected": false
    },
    "excerpt": {
        "rendered": "<p>ALLA 3 Chair \u2013 A Harmony of Style and Comfort. The ALLA 3 chair combines contemporary design with everyday functionality. The soft fabric-upholstered seat, filled with foam, and mounted on solid particleboard ensures comfort and durability for years to come. The gray upholstery adds a subdued elegance to the interior, harmonizing well with various color [&hellip;]<\/p>",
        "protected": false
    },
    "featured_media": 260360,
    "comment_status": "open",
    "ping_status": "open",
    "template": "",
    "meta": [],
    "product_brand": [],
    "product_cat": [
        9200,
        1930
    ],
    "product_tag": [],
    "class_list": {
        "0": "post-260359",
        "1": "product",
        "2": "type-product",
        "3": "status-publish",
        "4": "has-post-thumbnail",
        "6": "product_cat-black-red-white",
        "7": "product_cat-chairs",
        "9": "first",
        "10": "instock",
        "11": "purchasable",
        "12": "product-type-simple"
    },
    "_links": {
        "self": [
            {
                "href": "https:\/\/baldumarket.lt\/en\/wp-json\/wp\/v2\/product\/260359",
                "targetHints": {
                    "allow": [
                        "GET"
                    ]
                }
            }
        ],
        "collection": [
            {
                "href": "https:\/\/baldumarket.lt\/en\/wp-json\/wp\/v2\/product"
            }
        ],
        "about": [
            {
                "href": "https:\/\/baldumarket.lt\/en\/wp-json\/wp\/v2\/types\/product"
            }
        ],
        "replies": [
            {
                "embeddable": true,
                "href": "https:\/\/baldumarket.lt\/en\/wp-json\/wp\/v2\/comments?post=260359"
            }
        ],
        "wp:featuredmedia": [
            {
                "embeddable": true,
                "href": "https:\/\/baldumarket.lt\/en\/wp-json\/wp\/v2\/media\/260360"
            }
        ],
        "wp:attachment": [
            {
                "href": "https:\/\/baldumarket.lt\/en\/wp-json\/wp\/v2\/media?parent=260359"
            }
        ],
        "wp:term": [
            {
                "taxonomy": "product_brand",
                "embeddable": true,
                "href": "https:\/\/baldumarket.lt\/en\/wp-json\/wp\/v2\/product_brand?post=260359"
            },
            {
                "taxonomy": "product_cat",
                "embeddable": true,
                "href": "https:\/\/baldumarket.lt\/en\/wp-json\/wp\/v2\/product_cat?post=260359"
            },
            {
                "taxonomy": "product_tag",
                "embeddable": true,
                "href": "https:\/\/baldumarket.lt\/en\/wp-json\/wp\/v2\/product_tag?post=260359"
            }
        ],
        "curies": [
            {
                "name": "wp",
                "href": "https:\/\/api.w.org\/{rel}",
                "templated": true
            }
        ]
    }
}