{
    "id": 236242,
    "date": "2025-12-29T22:55:25",
    "date_gmt": "2025-12-29T19:55:25",
    "guid": {
        "rendered": "https:\/\/baldumarket.lt\/product\/amino-szafka-rtv-2d-dab-wotan-czarny\/"
    },
    "modified": "2026-02-11T18:34:42",
    "modified_gmt": "2026-02-11T15:34:42",
    "slug": "amino-szafka-rtv-2d-dab-wotan-czarny",
    "status": "publish",
    "type": "product",
    "link": "https:\/\/baldumarket.lt\/en\/product\/amino-szafka-rtv-2d-dab-wotan-czarny\/",
    "title": {
        "rendered": "AMINO 2D TV spintel\u0117 Wotan \u0105\u017euolas\/juoda"
    },
    "content": {
        "rendered": "<p>Collection: AMINO Assembled furniture: No Width: 159 Height: 50 Depth: 45 Number of doors: 2<br \/>\nAMINO 2-D TV Cabinet \u2013 Wotan Oak \/ Black<br \/>\nThe modern and elegant AMINO 2-D TV cabinet is a perfect blend of style, functionality, and solid craftsmanship. Its design combines the warm shade of Wotan Oak with deep black, creating a piece of furniture with a unique character that perfectly complements modern, industrial, and loft interiors.<br \/>\nThe cabinet features two spacious cabinets with solid fronts, ideal for storing TV equipment, accessories, and documents. The practical top provides ample space for a TV and decorations. Product Features:<br \/>\nFront Material: Laminated MDF, PVC Edge<br \/>\nFront Color: Wotan Oak<br \/>\nBody Material: Laminated MDF, PVC Edge<br \/>\nBody Color: Wotan Oak \/ Black<br \/>\nTop Material: Laminated MDF<br \/>\nTop Color: Wotan Oak<br \/>\nHandles: Metal<br \/>\nLegs: MDF<br \/>\nShelves: Laminated MDF<br \/>\nAdditional Features: The body is made of double-layered MDF, emphasizing the durability and unique character of the AMINO collection.<br \/>\nThanks to high-quality materials and meticulous finishing, the AMINO TV stand guarantees durability and comfort for years to come. It&#8217;s the perfect choice for those who value modern design, functionality, and timeless elegance.<\/p>",
        "protected": false
    },
    "excerpt": {
        "rendered": "<p>Collection: AMINO<br \/>\nWidth in cm: 159<br \/>\nHeight in cm: 50<br \/>\nDepth in cm: 45<br \/>\nNumber of doors: 2<\/p>",
        "protected": false
    },
    "featured_media": 236243,
    "comment_status": "open",
    "ping_status": "open",
    "template": "",
    "meta": [],
    "product_brand": [],
    "product_cat": [
        9321,
        2970,
        1175
    ],
    "product_tag": [],
    "class_list": {
        "0": "post-236242",
        "1": "product",
        "2": "type-product",
        "3": "status-publish",
        "4": "has-post-thumbnail",
        "6": "product_cat-amino-furniture-collection",
        "7": "product_cat-mebelbos",
        "8": "product_cat-tv-stands",
        "10": "first",
        "11": "instock",
        "12": "purchasable",
        "13": "product-type-simple"
    },
    "_links": {
        "self": [
            {
                "href": "https:\/\/baldumarket.lt\/en\/wp-json\/wp\/v2\/product\/236242",
                "targetHints": {
                    "allow": [
                        "GET"
                    ]
                }
            }
        ],
        "collection": [
            {
                "href": "https:\/\/baldumarket.lt\/en\/wp-json\/wp\/v2\/product"
            }
        ],
        "about": [
            {
                "href": "https:\/\/baldumarket.lt\/en\/wp-json\/wp\/v2\/types\/product"
            }
        ],
        "replies": [
            {
                "embeddable": true,
                "href": "https:\/\/baldumarket.lt\/en\/wp-json\/wp\/v2\/comments?post=236242"
            }
        ],
        "wp:featuredmedia": [
            {
                "embeddable": true,
                "href": "https:\/\/baldumarket.lt\/en\/wp-json\/wp\/v2\/media\/236243"
            }
        ],
        "wp:attachment": [
            {
                "href": "https:\/\/baldumarket.lt\/en\/wp-json\/wp\/v2\/media?parent=236242"
            }
        ],
        "wp:term": [
            {
                "taxonomy": "product_brand",
                "embeddable": true,
                "href": "https:\/\/baldumarket.lt\/en\/wp-json\/wp\/v2\/product_brand?post=236242"
            },
            {
                "taxonomy": "product_cat",
                "embeddable": true,
                "href": "https:\/\/baldumarket.lt\/en\/wp-json\/wp\/v2\/product_cat?post=236242"
            },
            {
                "taxonomy": "product_tag",
                "embeddable": true,
                "href": "https:\/\/baldumarket.lt\/en\/wp-json\/wp\/v2\/product_tag?post=236242"
            }
        ],
        "curies": [
            {
                "name": "wp",
                "href": "https:\/\/api.w.org\/{rel}",
                "templated": true
            }
        ]
    }
}