{
    "id": 224788,
    "date": "2025-12-28T03:58:36",
    "date_gmt": "2025-12-28T00:58:36",
    "guid": {
        "rendered": "https:\/\/baldumarket.lt\/product\/meble-milar-1-mebloscianka-zestaw-do-salonu\/"
    },
    "modified": "2026-02-11T18:37:59",
    "modified_gmt": "2026-02-11T15:37:59",
    "slug": "meble-milar-1-mebloscianka-zestaw-do-salonu",
    "status": "publish",
    "type": "product",
    "link": "https:\/\/baldumarket.lt\/en\/product\/meble-milar-1-mebloscianka-zestaw-do-salonu\/",
    "title": {
        "rendered": "MILAR baldai #1 sienin\u0117 svetain\u0117s spintel\u0117"
    },
    "content": {
        "rendered": "<p>MILAR Set 1<br \/>\nThe set includes: MILAR 03 2-door chest of drawers [90\/94\/42], MILAR 07 hanging shelf [90\/39\/22], MILAR 08 n4-door bookcase [90\/141\/42], MILAR 11 2-door TV stand [135\/47\/42], MILAR 15 display cabinet w2-doors [80\/190\/42], MILAR 05 coffee table [85\/47\/85]<br \/>\nAvailable colors: White \/ Artisan Oak \/ Black, Endgrain Oak \/ Concrete Gray \/ Black, Light Sonoma Oak \/ Gloss White \/ White, Stone Oak \/ Gloss Black \/ Black, Artisan Oak \/ Concrete Black \/ Black, Grange Oak \/ Graphite \/ Black<\/p>",
        "protected": false
    },
    "excerpt": {
        "rendered": "<p>MILAR Set 1 The set includes: MILAR 03 2-door chest of drawers [90\/94\/42], MILAR 07 hanging shelf [90\/39\/22], MILAR 08 n4-door bookcase [90\/141\/42], MILAR 11 2-door TV stand [135\/47\/42], MILAR 15 display cabinet w2-doors [80\/190\/42], MILAR 05 coffee table [85\/47\/85] Available colors: White \/ Artisan Oak \/ Black, Endgrain Oak \/ Concrete Gray \/ Black, [&hellip;]<\/p>",
        "protected": false
    },
    "featured_media": 224789,
    "comment_status": "open",
    "ping_status": "open",
    "template": "",
    "meta": [],
    "product_brand": [],
    "product_cat": [
        8386,
        2008
    ],
    "product_tag": [],
    "class_list": {
        "0": "post-224788",
        "1": "product",
        "2": "type-product",
        "3": "status-publish",
        "4": "has-post-thumbnail",
        "6": "product_cat-meblocross",
        "7": "product_cat-wall-units",
        "9": "first",
        "10": "instock",
        "11": "purchasable",
        "12": "product-type-simple"
    },
    "_links": {
        "self": [
            {
                "href": "https:\/\/baldumarket.lt\/en\/wp-json\/wp\/v2\/product\/224788",
                "targetHints": {
                    "allow": [
                        "GET"
                    ]
                }
            }
        ],
        "collection": [
            {
                "href": "https:\/\/baldumarket.lt\/en\/wp-json\/wp\/v2\/product"
            }
        ],
        "about": [
            {
                "href": "https:\/\/baldumarket.lt\/en\/wp-json\/wp\/v2\/types\/product"
            }
        ],
        "replies": [
            {
                "embeddable": true,
                "href": "https:\/\/baldumarket.lt\/en\/wp-json\/wp\/v2\/comments?post=224788"
            }
        ],
        "wp:featuredmedia": [
            {
                "embeddable": true,
                "href": "https:\/\/baldumarket.lt\/en\/wp-json\/wp\/v2\/media\/224789"
            }
        ],
        "wp:attachment": [
            {
                "href": "https:\/\/baldumarket.lt\/en\/wp-json\/wp\/v2\/media?parent=224788"
            }
        ],
        "wp:term": [
            {
                "taxonomy": "product_brand",
                "embeddable": true,
                "href": "https:\/\/baldumarket.lt\/en\/wp-json\/wp\/v2\/product_brand?post=224788"
            },
            {
                "taxonomy": "product_cat",
                "embeddable": true,
                "href": "https:\/\/baldumarket.lt\/en\/wp-json\/wp\/v2\/product_cat?post=224788"
            },
            {
                "taxonomy": "product_tag",
                "embeddable": true,
                "href": "https:\/\/baldumarket.lt\/en\/wp-json\/wp\/v2\/product_tag?post=224788"
            }
        ],
        "curies": [
            {
                "name": "wp",
                "href": "https:\/\/api.w.org\/{rel}",
                "templated": true
            }
        ]
    }
}