{
    "id": 195041,
    "date": "2025-12-23T22:32:00",
    "date_gmt": "2025-12-23T19:32:00",
    "guid": {
        "rendered": "https:\/\/baldumarket.lt\/product\/salon-mebloscianka-ryflowane-wstawki-senso-czarny\/"
    },
    "modified": "2026-03-23T16:12:00",
    "modified_gmt": "2026-03-23T13:12:00",
    "slug": "salon-mebloscianka-ryflowane-wstawki-senso-czarny",
    "status": "publish",
    "type": "product",
    "link": "https:\/\/baldumarket.lt\/en\/product\/salon-mebloscianka-ryflowane-wstawki-senso-czarny\/",
    "title": {
        "rendered": "Svetain\u0117s sienin\u0117 spintel\u0117 su grioveliais, juoda"
    },
    "content": {
        "rendered": "<p>The Senso collection was designed to fit current trends \u2013 tall, black legs, a geometric shape, and a black color emphasize elegance and modern style. Specifications:<br \/>\nBody: E05 laminated chipboard, 16 mm<br \/>\nBody color: black<br \/>\nFront: E05 laminated chipboard, 16 mm + 18 mm MDF<br \/>\nFront color: black<br \/>\nHDF: white<br \/>\nEdge: ABS, matching board color<br \/>\nHandle: none, push-to-open<br \/>\nLegs: metal, black<br \/>\nHinges: recessed\/twin<br \/>\nDrawer runners: ball bearing, full extension<br \/>\nHDF drawers: white<br \/>\nThe set includes:<br \/>\n3D tall chest of drawers &#8211; 103.5\/123.4\/39.5 cm wide\/high\/deep<br \/>\nTV unit 153 cm &#8211; 153.5\/53.4\/39.5 cm wide\/high\/deep<br \/>\nChest of drawers 187 cm &#8211; 187.1 cm wide\/high\/deep width\/height\/depth<br \/>\ncoffee table &#8211; 68\/48.4\/68 width\/height\/depth<\/p>",
        "protected": false
    },
    "excerpt": {
        "rendered": "<p>The Senso collection was designed to fit current trends \u2013 tall, black legs, a geometric shape, and a black color emphasize elegance and modern style. Specifications: Body: E05 laminated chipboard, 16 mm Body color: black Front: E05 laminated chipboard, 16 mm + 18 mm MDF Front color: black HDF: white Edge: ABS, matching board color [&hellip;]<\/p>",
        "protected": false
    },
    "featured_media": 195042,
    "comment_status": "open",
    "ping_status": "open",
    "template": "",
    "meta": [],
    "product_brand": [],
    "product_cat": [
        5570,
        2008
    ],
    "product_tag": [],
    "class_list": {
        "0": "post-195041",
        "1": "product",
        "2": "type-product",
        "3": "status-publish",
        "4": "has-post-thumbnail",
        "6": "product_cat-laski-meble",
        "7": "product_cat-wall-units",
        "9": "first",
        "10": "instock",
        "11": "purchasable",
        "12": "product-type-simple"
    },
    "_links": {
        "self": [
            {
                "href": "https:\/\/baldumarket.lt\/en\/wp-json\/wp\/v2\/product\/195041",
                "targetHints": {
                    "allow": [
                        "GET"
                    ]
                }
            }
        ],
        "collection": [
            {
                "href": "https:\/\/baldumarket.lt\/en\/wp-json\/wp\/v2\/product"
            }
        ],
        "about": [
            {
                "href": "https:\/\/baldumarket.lt\/en\/wp-json\/wp\/v2\/types\/product"
            }
        ],
        "replies": [
            {
                "embeddable": true,
                "href": "https:\/\/baldumarket.lt\/en\/wp-json\/wp\/v2\/comments?post=195041"
            }
        ],
        "wp:featuredmedia": [
            {
                "embeddable": true,
                "href": "https:\/\/baldumarket.lt\/en\/wp-json\/wp\/v2\/media\/195042"
            }
        ],
        "wp:attachment": [
            {
                "href": "https:\/\/baldumarket.lt\/en\/wp-json\/wp\/v2\/media?parent=195041"
            }
        ],
        "wp:term": [
            {
                "taxonomy": "product_brand",
                "embeddable": true,
                "href": "https:\/\/baldumarket.lt\/en\/wp-json\/wp\/v2\/product_brand?post=195041"
            },
            {
                "taxonomy": "product_cat",
                "embeddable": true,
                "href": "https:\/\/baldumarket.lt\/en\/wp-json\/wp\/v2\/product_cat?post=195041"
            },
            {
                "taxonomy": "product_tag",
                "embeddable": true,
                "href": "https:\/\/baldumarket.lt\/en\/wp-json\/wp\/v2\/product_tag?post=195041"
            }
        ],
        "curies": [
            {
                "name": "wp",
                "href": "https:\/\/api.w.org\/{rel}",
                "templated": true
            }
        ]
    }
}