{
    "id": 164073,
    "date": "2025-12-19T13:11:40",
    "date_gmt": "2025-12-19T10:11:40",
    "guid": {
        "rendered": "https:\/\/baldumarket.lt\/product\/summer-typ-01l-witryna-lewostronna-2-drzwiowa-san-remo-jasna-arusha\/"
    },
    "modified": "2026-04-06T20:06:23",
    "modified_gmt": "2026-04-06T17:06:23",
    "slug": "summer-typ-01l-witryna-lewostronna-2-drzwiowa-san-remo-jasna-arusha",
    "status": "publish",
    "type": "product",
    "link": "https:\/\/baldumarket.lt\/en\/product\/summer-typ-01l-witryna-lewostronna-2-drzwiowa-san-remo-jasna-arusha\/",
    "title": {
        "rendered": "\u201eSummer TYPE 01L\u201c \u2013 kair\u0117s pus\u0117s dviej\u0173 dur\u0173 vitrina \u201eSan Remo Bright\/Arusha\u201c"
    },
    "content": {
        "rendered": "<p>Discover the Summer TYP 01L display cabinet \u2013 a piece of furniture that will bring lightness and elegance inspired by Scandinavian design to your interior. This unique piece is the result of the combination of two subtle shades \u2013 Light San Remo and Arusha \u2013 which together create a harmonious whole, perfectly fitting into both modern and more classic interior designs. The Summer TYP 01L display cabinet, with its dimensions \u2013 54 cm wide, 196.5 cm high, and 39.9 cm deep \u2013 is the perfect solution for those who value optimal use of space. Despite its compact size, it offers invaluable functionality, allowing you to aesthetically display items that are particularly valuable to you. The Arusha-colored front, made of the highest quality MDF, guarantees durability and resistance to everyday use. This is where the glazed section, made of tempered glass, is located, which not only aesthetically presents the contents but also increases user safety.<\/p>",
        "protected": false
    },
    "excerpt": {
        "rendered": "<p>Width (cm): 54<br \/>\nHeight (cm): 196.5<br \/>\nDepth (cm): 39.9<\/p>",
        "protected": false
    },
    "featured_media": 164074,
    "comment_status": "open",
    "ping_status": "open",
    "template": "",
    "meta": [],
    "product_brand": [],
    "product_cat": [
        9467,
        4107,
        2006
    ],
    "product_tag": [],
    "class_list": {
        "0": "post-164073",
        "1": "product",
        "2": "type-product",
        "3": "status-publish",
        "4": "has-post-thumbnail",
        "6": "product_cat-furniture-system-summer-wojcik-meble",
        "7": "product_cat-meble-wojcik",
        "8": "product_cat-vitrines",
        "10": "first",
        "11": "instock",
        "12": "purchasable",
        "13": "product-type-simple"
    },
    "_links": {
        "self": [
            {
                "href": "https:\/\/baldumarket.lt\/en\/wp-json\/wp\/v2\/product\/164073",
                "targetHints": {
                    "allow": [
                        "GET"
                    ]
                }
            }
        ],
        "collection": [
            {
                "href": "https:\/\/baldumarket.lt\/en\/wp-json\/wp\/v2\/product"
            }
        ],
        "about": [
            {
                "href": "https:\/\/baldumarket.lt\/en\/wp-json\/wp\/v2\/types\/product"
            }
        ],
        "replies": [
            {
                "embeddable": true,
                "href": "https:\/\/baldumarket.lt\/en\/wp-json\/wp\/v2\/comments?post=164073"
            }
        ],
        "wp:featuredmedia": [
            {
                "embeddable": true,
                "href": "https:\/\/baldumarket.lt\/en\/wp-json\/wp\/v2\/media\/164074"
            }
        ],
        "wp:attachment": [
            {
                "href": "https:\/\/baldumarket.lt\/en\/wp-json\/wp\/v2\/media?parent=164073"
            }
        ],
        "wp:term": [
            {
                "taxonomy": "product_brand",
                "embeddable": true,
                "href": "https:\/\/baldumarket.lt\/en\/wp-json\/wp\/v2\/product_brand?post=164073"
            },
            {
                "taxonomy": "product_cat",
                "embeddable": true,
                "href": "https:\/\/baldumarket.lt\/en\/wp-json\/wp\/v2\/product_cat?post=164073"
            },
            {
                "taxonomy": "product_tag",
                "embeddable": true,
                "href": "https:\/\/baldumarket.lt\/en\/wp-json\/wp\/v2\/product_tag?post=164073"
            }
        ],
        "curies": [
            {
                "name": "wp",
                "href": "https:\/\/api.w.org\/{rel}",
                "templated": true
            }
        ]
    }
}