{
    "id": 161914,
    "date": "2025-12-19T11:55:37",
    "date_gmt": "2025-12-19T08:55:37",
    "guid": {
        "rendered": "https:\/\/baldumarket.lt\/product\/amarillo-zenna-z4150-lozko-tapicerowane-140-cm-ze-stelazem-jedwabisty-bez\/"
    },
    "modified": "2026-04-06T18:41:49",
    "modified_gmt": "2026-04-06T15:41:49",
    "slug": "amarillo-zenna-z4150-lozko-tapicerowane-140-cm-ze-stelazem-jedwabisty-bez",
    "status": "publish",
    "type": "product",
    "link": "https:\/\/baldumarket.lt\/en\/product\/amarillo-zenna-z4150-lozko-tapicerowane-140-cm-ze-stelazem-jedwabisty-bez\/",
    "title": {
        "rendered": "Amarillo Zenna Z4150 &#8211; Mink\u0161ta lova 140 cm su \u0161ilkin\u0117s sm\u0117lio spalvos r\u0117mu"
    },
    "content": {
        "rendered": "<p>The Zenna upholstered bed is the quintessence of comfort and elegance, transforming your bedroom into a truly unique space. One look is all it takes to fall in love with its delicate, silky beige shade, which harmoniously complements any interior style. Bring an atmosphere of peace and luxury to your bedroom with this unique piece from Meble W\u00f3jcik. The Zenna bed boasts a simple yet timeless design that perfectly complements modern, classic, and eclectic interiors. Shades of beige and brown create a versatile base that allows for easy integration of fashionable accessories, giving the room a warm and cozy feel. Transform your bedroom into a haven where you can relax and recharge for the day ahead. The silky velvet fabric covering the entire bed frame is not only pleasant to the touch but also incredibly durable. The natural beech wood, stained a walnut shade, from which the aesthetic legs are crafted, adds solidity and class to the bed. Thanks to the lifting frame, Zenna offers additional storage space, which is an ideal solution for people who value functionality and order.<\/p>",
        "protected": false
    },
    "excerpt": {
        "rendered": "<p>Width (cm): 165<br \/>\nHeight (cm): 116<br \/>\nDepth (cm): 216<\/p>",
        "protected": false
    },
    "featured_media": 161915,
    "comment_status": "open",
    "ping_status": "open",
    "template": "",
    "meta": [],
    "product_brand": [],
    "product_cat": [
        9469,
        505,
        4107
    ],
    "product_tag": [],
    "class_list": {
        "0": "post-161914",
        "1": "product",
        "2": "type-product",
        "3": "status-publish",
        "4": "has-post-thumbnail",
        "6": "product_cat-furniture-system-amarillo-wojcik-meble",
        "7": "product_cat-bedroom-beds",
        "8": "product_cat-meble-wojcik",
        "10": "first",
        "11": "instock",
        "12": "purchasable",
        "13": "product-type-simple"
    },
    "_links": {
        "self": [
            {
                "href": "https:\/\/baldumarket.lt\/en\/wp-json\/wp\/v2\/product\/161914",
                "targetHints": {
                    "allow": [
                        "GET"
                    ]
                }
            }
        ],
        "collection": [
            {
                "href": "https:\/\/baldumarket.lt\/en\/wp-json\/wp\/v2\/product"
            }
        ],
        "about": [
            {
                "href": "https:\/\/baldumarket.lt\/en\/wp-json\/wp\/v2\/types\/product"
            }
        ],
        "replies": [
            {
                "embeddable": true,
                "href": "https:\/\/baldumarket.lt\/en\/wp-json\/wp\/v2\/comments?post=161914"
            }
        ],
        "wp:featuredmedia": [
            {
                "embeddable": true,
                "href": "https:\/\/baldumarket.lt\/en\/wp-json\/wp\/v2\/media\/161915"
            }
        ],
        "wp:attachment": [
            {
                "href": "https:\/\/baldumarket.lt\/en\/wp-json\/wp\/v2\/media?parent=161914"
            }
        ],
        "wp:term": [
            {
                "taxonomy": "product_brand",
                "embeddable": true,
                "href": "https:\/\/baldumarket.lt\/en\/wp-json\/wp\/v2\/product_brand?post=161914"
            },
            {
                "taxonomy": "product_cat",
                "embeddable": true,
                "href": "https:\/\/baldumarket.lt\/en\/wp-json\/wp\/v2\/product_cat?post=161914"
            },
            {
                "taxonomy": "product_tag",
                "embeddable": true,
                "href": "https:\/\/baldumarket.lt\/en\/wp-json\/wp\/v2\/product_tag?post=161914"
            }
        ],
        "curies": [
            {
                "name": "wp",
                "href": "https:\/\/api.w.org\/{rel}",
                "templated": true
            }
        ]
    }
}