{
    "id": 160587,
    "date": "2025-12-19T01:15:55",
    "date_gmt": "2025-12-18T22:15:55",
    "guid": {
        "rendered": "https:\/\/baldumarket.lt\/product\/szafka-kuchenna-dolna-1-drzwiowa-prawa-d30-p-prowansja-sosna-andersen-bialy-mat\/"
    },
    "modified": "2026-02-06T13:08:29",
    "modified_gmt": "2026-02-06T10:08:29",
    "slug": "szafka-kuchenna-dolna-1-drzwiowa-prawa-d30-p-prowansja-sosna-andersen-bialy-mat",
    "status": "publish",
    "type": "product",
    "link": "https:\/\/baldumarket.lt\/en\/product\/szafka-kuchenna-dolna-1-drzwiowa-prawa-d30-p-prowansja-sosna-andersen-bialy-mat\/",
    "title": {
        "rendered": "Apatin\u0117 virtuv\u0117s spintel\u0117, 1 dur\u0173, de\u0161inin\u0117, D30-P, provanso pu\u0161is, Anderseno balta matin\u0117"
    },
    "content": {
        "rendered": "<p>Discover the charm of a stylish and functional interior with the elegant D30-P Lower Single-Door Right Kitchen Cabinet from the renowned Ga\u0142a Meble brand. This unique piece will bring a touch of Proven\u00e7al style to your kitchen thanks to its delicate Andersen pine finish, which perfectly complements the matte white body. It&#8217;s the perfect solution for lovers of subtle elegance and timeless design. Created with passion and attention to the smallest detail, this kitchen cabinet is a perfect blend of aesthetics and functionality. With its compact width of 30 cm and height of 82 cm, it fits perfectly into even the tightest kitchen spaces without losing any of its charm. Its neutral color scheme and elegant black metal handles add class and harmony to the interior. This kitchen cabinet combines not only beauty but also practicality. Adjustable legs allow for perfect alignment of the furniture to the floor, while advanced self-closing hinges ensure smooth and quiet door closure, making this solution not only stylish but also comfortable to use. It&#8217;s an excellent choice for those who value comfort in everyday use.<\/p>",
        "protected": false
    },
    "excerpt": {
        "rendered": "<p>Width (cm): 30<br \/>\nHeight (cm): 82<br \/>\nDepth (cm): 47<\/p>",
        "protected": false
    },
    "featured_media": 160588,
    "comment_status": "open",
    "ping_status": "open",
    "template": "",
    "meta": [],
    "product_brand": [],
    "product_cat": [
        9444,
        9441,
        4106,
        9118
    ],
    "product_tag": [],
    "class_list": {
        "0": "post-160587",
        "1": "product",
        "2": "type-product",
        "3": "status-publish",
        "4": "has-post-thumbnail",
        "6": "product_cat-kitchen-system-prowansja-sosna-andersen",
        "7": "product_cat-white",
        "8": "product_cat-gala-meble",
        "9": "product_cat-kitchen-cabinets",
        "11": "first",
        "12": "instock",
        "13": "purchasable",
        "14": "product-type-simple"
    },
    "_links": {
        "self": [
            {
                "href": "https:\/\/baldumarket.lt\/en\/wp-json\/wp\/v2\/product\/160587",
                "targetHints": {
                    "allow": [
                        "GET"
                    ]
                }
            }
        ],
        "collection": [
            {
                "href": "https:\/\/baldumarket.lt\/en\/wp-json\/wp\/v2\/product"
            }
        ],
        "about": [
            {
                "href": "https:\/\/baldumarket.lt\/en\/wp-json\/wp\/v2\/types\/product"
            }
        ],
        "replies": [
            {
                "embeddable": true,
                "href": "https:\/\/baldumarket.lt\/en\/wp-json\/wp\/v2\/comments?post=160587"
            }
        ],
        "wp:featuredmedia": [
            {
                "embeddable": true,
                "href": "https:\/\/baldumarket.lt\/en\/wp-json\/wp\/v2\/media\/160588"
            }
        ],
        "wp:attachment": [
            {
                "href": "https:\/\/baldumarket.lt\/en\/wp-json\/wp\/v2\/media?parent=160587"
            }
        ],
        "wp:term": [
            {
                "taxonomy": "product_brand",
                "embeddable": true,
                "href": "https:\/\/baldumarket.lt\/en\/wp-json\/wp\/v2\/product_brand?post=160587"
            },
            {
                "taxonomy": "product_cat",
                "embeddable": true,
                "href": "https:\/\/baldumarket.lt\/en\/wp-json\/wp\/v2\/product_cat?post=160587"
            },
            {
                "taxonomy": "product_tag",
                "embeddable": true,
                "href": "https:\/\/baldumarket.lt\/en\/wp-json\/wp\/v2\/product_tag?post=160587"
            }
        ],
        "curies": [
            {
                "name": "wp",
                "href": "https:\/\/api.w.org\/{rel}",
                "templated": true
            }
        ]
    }
}