{
    "id": 160562,
    "date": "2025-12-19T01:15:04",
    "date_gmt": "2025-12-18T22:15:04",
    "guid": {
        "rendered": "https:\/\/baldumarket.lt\/product\/szafka-kuchenna-dolna-1-drzwiowa-prawa-d40-p-prowansja-sosna-andersen-bialy-mat\/"
    },
    "modified": "2026-02-06T13:08:29",
    "modified_gmt": "2026-02-06T10:08:29",
    "slug": "szafka-kuchenna-dolna-1-drzwiowa-prawa-d40-p-prowansja-sosna-andersen-bialy-mat",
    "status": "publish",
    "type": "product",
    "link": "https:\/\/baldumarket.lt\/en\/product\/szafka-kuchenna-dolna-1-drzwiowa-prawa-d40-p-prowansja-sosna-andersen-bialy-mat\/",
    "title": {
        "rendered": "Apatin\u0117 virtuv\u0117s spintel\u0117, 1 dur\u0173, de\u0161inin\u0117, D40-P, provanso pu\u0161is, Anderseno balta matin\u0117"
    },
    "content": {
        "rendered": "<p>Transport your kitchen to a world of Proven\u00e7al charm with the unique D40-P single-door right-hand lower kitchen cabinet in the Provence style. Its subtle color blend and delicate design will bring warmth and elegance to your kitchen space. The Andersen Pine front complements the matte white body, creating a harmonious whole that attracts the eye and encourages you to spend time in the kitchen. This cabinet, with its Proven\u00e7al aesthetic, not only looks wonderful but also benefits everyday use. With its compact dimensions of 40 cm wide and 47 cm deep, it easily finds its place even in smaller kitchens, providing much-needed storage space. Adjustable feet allow you to adjust the cabinet height to your individual needs, making this cabinet an extremely practical choice. Users will certainly appreciate the functionality of the self-closing hinges, which ensure smooth and quiet door closure, enhancing everyday comfort. The black metal handle adds a modern touch while emphasizing the cabinet&#8217;s durability and solid construction. These details make this piece of furniture unique and reliable for years to come.<\/p>",
        "protected": false
    },
    "excerpt": {
        "rendered": "<p>Width (cm): 40<br \/>\nHeight (cm): 82<br \/>\nDepth (cm): 47<\/p>",
        "protected": false
    },
    "featured_media": 160563,
    "comment_status": "open",
    "ping_status": "open",
    "template": "",
    "meta": [],
    "product_brand": [],
    "product_cat": [
        9444,
        9441,
        4106,
        9118
    ],
    "product_tag": [],
    "class_list": {
        "0": "post-160562",
        "1": "product",
        "2": "type-product",
        "3": "status-publish",
        "4": "has-post-thumbnail",
        "6": "product_cat-kitchen-system-prowansja-sosna-andersen",
        "7": "product_cat-white",
        "8": "product_cat-gala-meble",
        "9": "product_cat-kitchen-cabinets",
        "11": "first",
        "12": "instock",
        "13": "purchasable",
        "14": "product-type-simple"
    },
    "_links": {
        "self": [
            {
                "href": "https:\/\/baldumarket.lt\/en\/wp-json\/wp\/v2\/product\/160562",
                "targetHints": {
                    "allow": [
                        "GET"
                    ]
                }
            }
        ],
        "collection": [
            {
                "href": "https:\/\/baldumarket.lt\/en\/wp-json\/wp\/v2\/product"
            }
        ],
        "about": [
            {
                "href": "https:\/\/baldumarket.lt\/en\/wp-json\/wp\/v2\/types\/product"
            }
        ],
        "replies": [
            {
                "embeddable": true,
                "href": "https:\/\/baldumarket.lt\/en\/wp-json\/wp\/v2\/comments?post=160562"
            }
        ],
        "wp:featuredmedia": [
            {
                "embeddable": true,
                "href": "https:\/\/baldumarket.lt\/en\/wp-json\/wp\/v2\/media\/160563"
            }
        ],
        "wp:attachment": [
            {
                "href": "https:\/\/baldumarket.lt\/en\/wp-json\/wp\/v2\/media?parent=160562"
            }
        ],
        "wp:term": [
            {
                "taxonomy": "product_brand",
                "embeddable": true,
                "href": "https:\/\/baldumarket.lt\/en\/wp-json\/wp\/v2\/product_brand?post=160562"
            },
            {
                "taxonomy": "product_cat",
                "embeddable": true,
                "href": "https:\/\/baldumarket.lt\/en\/wp-json\/wp\/v2\/product_cat?post=160562"
            },
            {
                "taxonomy": "product_tag",
                "embeddable": true,
                "href": "https:\/\/baldumarket.lt\/en\/wp-json\/wp\/v2\/product_tag?post=160562"
            }
        ],
        "curies": [
            {
                "name": "wp",
                "href": "https:\/\/api.w.org\/{rel}",
                "templated": true
            }
        ]
    }
}