{
    "id": 160539,
    "date": "2025-12-19T01:14:18",
    "date_gmt": "2025-12-18T22:14:18",
    "guid": {
        "rendered": "https:\/\/baldumarket.lt\/product\/szafka-kuchenna-dolna-1-drzwiowa-prawa-d601d-p-prowansja-sosna-andersen-bialy-mat\/"
    },
    "modified": "2026-02-06T13:08:29",
    "modified_gmt": "2026-02-06T10:08:29",
    "slug": "szafka-kuchenna-dolna-1-drzwiowa-prawa-d601d-p-prowansja-sosna-andersen-bialy-mat",
    "status": "publish",
    "type": "product",
    "link": "https:\/\/baldumarket.lt\/en\/product\/szafka-kuchenna-dolna-1-drzwiowa-prawa-d601d-p-prowansja-sosna-andersen-bialy-mat\/",
    "title": {
        "rendered": "Apatin\u0117 virtuv\u0117s spintel\u0117, 1 dur\u0173, de\u0161inin\u0117, D601D-P, provanso pu\u0161is, Anderseno balta matin\u0117"
    },
    "content": {
        "rendered": "<p>Welcome to the world of refined elegance with our Provence kitchen cabinet, which brings a delicate touch of French style to your kitchen. This single-door base cabinet is a perfect blend of functionality and style, harmonizing with both modern and classic interiors. The Andersen pine color adds a touch of lightness to the interior while also creating a warm and cozy atmosphere. Admire the aesthetics of this unique cabinet, which, thanks to its matte white finish, remains subtle yet memorable. The elegant black metal handle, which adds a touch of character, is particularly eye-catching. This cabinet is sure to become not only a practical but also a decorative element in your kitchen, regardless of its style. This cabinet&#8217;s functionality ensures that all essential items have their place, making it the perfect solution for any kitchen. Programmable self-closing hinges guarantee ease of use, ensuring smooth and quiet door operation. The interior of the cabinet intelligently uses space, allowing for optimal organization of kitchen chaos.<\/p>",
        "protected": false
    },
    "excerpt": {
        "rendered": "<p>Width (cm): 60<br \/>\nHeight (cm): 82<br \/>\nDepth (cm): 47<\/p>",
        "protected": false
    },
    "featured_media": 160540,
    "comment_status": "open",
    "ping_status": "open",
    "template": "",
    "meta": [],
    "product_brand": [],
    "product_cat": [
        9444,
        9441,
        4106,
        9118
    ],
    "product_tag": [],
    "class_list": {
        "0": "post-160539",
        "1": "product",
        "2": "type-product",
        "3": "status-publish",
        "4": "has-post-thumbnail",
        "6": "product_cat-kitchen-system-prowansja-sosna-andersen",
        "7": "product_cat-white",
        "8": "product_cat-gala-meble",
        "9": "product_cat-kitchen-cabinets",
        "11": "first",
        "12": "instock",
        "13": "purchasable",
        "14": "product-type-simple"
    },
    "_links": {
        "self": [
            {
                "href": "https:\/\/baldumarket.lt\/en\/wp-json\/wp\/v2\/product\/160539",
                "targetHints": {
                    "allow": [
                        "GET"
                    ]
                }
            }
        ],
        "collection": [
            {
                "href": "https:\/\/baldumarket.lt\/en\/wp-json\/wp\/v2\/product"
            }
        ],
        "about": [
            {
                "href": "https:\/\/baldumarket.lt\/en\/wp-json\/wp\/v2\/types\/product"
            }
        ],
        "replies": [
            {
                "embeddable": true,
                "href": "https:\/\/baldumarket.lt\/en\/wp-json\/wp\/v2\/comments?post=160539"
            }
        ],
        "wp:featuredmedia": [
            {
                "embeddable": true,
                "href": "https:\/\/baldumarket.lt\/en\/wp-json\/wp\/v2\/media\/160540"
            }
        ],
        "wp:attachment": [
            {
                "href": "https:\/\/baldumarket.lt\/en\/wp-json\/wp\/v2\/media?parent=160539"
            }
        ],
        "wp:term": [
            {
                "taxonomy": "product_brand",
                "embeddable": true,
                "href": "https:\/\/baldumarket.lt\/en\/wp-json\/wp\/v2\/product_brand?post=160539"
            },
            {
                "taxonomy": "product_cat",
                "embeddable": true,
                "href": "https:\/\/baldumarket.lt\/en\/wp-json\/wp\/v2\/product_cat?post=160539"
            },
            {
                "taxonomy": "product_tag",
                "embeddable": true,
                "href": "https:\/\/baldumarket.lt\/en\/wp-json\/wp\/v2\/product_tag?post=160539"
            }
        ],
        "curies": [
            {
                "name": "wp",
                "href": "https:\/\/api.w.org\/{rel}",
                "templated": true
            }
        ]
    }
}