{
    "id": 160049,
    "date": "2025-12-19T00:57:50",
    "date_gmt": "2025-12-18T21:57:50",
    "guid": {
        "rendered": "https:\/\/baldumarket.lt\/product\/szafka-kuchenna-dolna-1d1s-prawa-d40s1-p-sycylia-andersen\/"
    },
    "modified": "2026-02-06T12:46:45",
    "modified_gmt": "2026-02-06T09:46:45",
    "slug": "szafka-kuchenna-dolna-1d1s-prawa-d40s1-p-sycylia-andersen",
    "status": "publish",
    "type": "product",
    "link": "https:\/\/baldumarket.lt\/en\/product\/szafka-kuchenna-dolna-1d1s-prawa-d40s1-p-sycylia-andersen\/",
    "title": {
        "rendered": "Apatin\u0117 virtuv\u0117s spintel\u0117 1D1S de\u0161in\u0117 D40S1-P Sicily Andersen"
    },
    "content": {
        "rendered": "<p>Discover the elegance and functionality offered by the Andersen 1D1S Right Lower Kitchen Cabinet D40S1-P Sicily from Ga\u0142a Meble. This harmonious combination of modern style and practical design is the perfect solution for any kitchen, regardless of size. It boasts a subtle charm that creates a unique atmosphere in your interior. The cabinet features a fashionable Andersen Pine front, which evokes tranquility and natural beauty. Combined with the matte white body, the overall design creates a delicate and timeless elegance. This is a choice for Scandinavian style enthusiasts who value bright, spacious arrangements where every detail matters. Practical storage solutions make everyday kitchen chores a pleasure. The cabinet&#8217;s functional interior is perfect for both spacious and smaller kitchens, helping you organize and maintain order.<\/p>",
        "protected": false
    },
    "excerpt": {
        "rendered": "<p>Width (cm): 40<br \/>\nHeight (cm): 82<br \/>\nDepth (cm): 47<\/p>",
        "protected": false
    },
    "featured_media": 160050,
    "comment_status": "open",
    "ping_status": "open",
    "template": "",
    "meta": [],
    "product_brand": [],
    "product_cat": [
        9440,
        9441,
        4106,
        9118
    ],
    "product_tag": [],
    "class_list": {
        "0": "post-160049",
        "1": "product",
        "2": "type-product",
        "3": "status-publish",
        "4": "has-post-thumbnail",
        "6": "product_cat-kitchen-system-sycylia-sosna-andersen",
        "7": "product_cat-white",
        "8": "product_cat-gala-meble",
        "9": "product_cat-kitchen-cabinets",
        "11": "first",
        "12": "instock",
        "13": "purchasable",
        "14": "product-type-simple"
    },
    "_links": {
        "self": [
            {
                "href": "https:\/\/baldumarket.lt\/en\/wp-json\/wp\/v2\/product\/160049",
                "targetHints": {
                    "allow": [
                        "GET"
                    ]
                }
            }
        ],
        "collection": [
            {
                "href": "https:\/\/baldumarket.lt\/en\/wp-json\/wp\/v2\/product"
            }
        ],
        "about": [
            {
                "href": "https:\/\/baldumarket.lt\/en\/wp-json\/wp\/v2\/types\/product"
            }
        ],
        "replies": [
            {
                "embeddable": true,
                "href": "https:\/\/baldumarket.lt\/en\/wp-json\/wp\/v2\/comments?post=160049"
            }
        ],
        "wp:featuredmedia": [
            {
                "embeddable": true,
                "href": "https:\/\/baldumarket.lt\/en\/wp-json\/wp\/v2\/media\/160050"
            }
        ],
        "wp:attachment": [
            {
                "href": "https:\/\/baldumarket.lt\/en\/wp-json\/wp\/v2\/media?parent=160049"
            }
        ],
        "wp:term": [
            {
                "taxonomy": "product_brand",
                "embeddable": true,
                "href": "https:\/\/baldumarket.lt\/en\/wp-json\/wp\/v2\/product_brand?post=160049"
            },
            {
                "taxonomy": "product_cat",
                "embeddable": true,
                "href": "https:\/\/baldumarket.lt\/en\/wp-json\/wp\/v2\/product_cat?post=160049"
            },
            {
                "taxonomy": "product_tag",
                "embeddable": true,
                "href": "https:\/\/baldumarket.lt\/en\/wp-json\/wp\/v2\/product_tag?post=160049"
            }
        ],
        "curies": [
            {
                "name": "wp",
                "href": "https:\/\/api.w.org\/{rel}",
                "templated": true
            }
        ]
    }
}