{
    "id": 159684,
    "date": "2025-12-19T00:45:40",
    "date_gmt": "2025-12-18T21:45:40",
    "guid": {
        "rendered": "https:\/\/baldumarket.lt\/product\/szafka-kuchenna-dolna-2-drzwiowa-narozna-d90n-bez-blatu-aspen-grey-szary-polysk\/"
    },
    "modified": "2026-02-06T19:54:30",
    "modified_gmt": "2026-02-06T16:54:30",
    "slug": "szafka-kuchenna-dolna-2-drzwiowa-narozna-d90n-bez-blatu-aspen-grey-szary-polysk",
    "status": "publish",
    "type": "product",
    "link": "https:\/\/baldumarket.lt\/en\/product\/szafka-kuchenna-dolna-2-drzwiowa-narozna-d90n-bez-blatu-aspen-grey-szary-polysk\/",
    "title": {
        "rendered": "Apatin\u0117 2 dur\u0173 kampin\u0117 virtuv\u0117s spintel\u0117 D90N be stalvir\u0161io, drebul\u0117s pilka, blizgi"
    },
    "content": {
        "rendered": "<p>Discover exceptional aesthetics and functionality with our Aspen Grey corner kitchen cabinet. This elegant piece, with its glossy grey finish, will add the ultimate modernity and class to your kitchen. The solid MDF front reflects light, creating a unique atmosphere of coziness and style. The Aspen Grey cabinet is not only beautiful but also incredibly practical. Its thoughtful design ensures maximum use of space in the corner of the kitchen, which is invaluable for everyday cooking. This means you can enjoy full functionality without compromising on aesthetics. Its matte white body adds a light and modern character, creating a harmonious composition with the glossy fronts. It blends beautifully with both classic and more contemporary interior designs. Adjustable feet allow you to perfectly adjust the cabinet height to your needs, while ensuring stability and durability.<\/p>",
        "protected": false
    },
    "excerpt": {
        "rendered": "<p>Width (cm): 79<br \/>\nHeight (cm): 82<br \/>\nDepth (cm): 79<\/p>",
        "protected": false
    },
    "featured_media": 159685,
    "comment_status": "open",
    "ping_status": "open",
    "template": "",
    "meta": [],
    "product_brand": [],
    "product_cat": [
        9451,
        4106,
        9118
    ],
    "product_tag": [],
    "class_list": {
        "0": "post-159684",
        "1": "product",
        "2": "type-product",
        "3": "status-publish",
        "4": "has-post-thumbnail",
        "6": "product_cat-kitchen-system-aspen-grey",
        "7": "product_cat-gala-meble",
        "8": "product_cat-kitchen-cabinets",
        "10": "first",
        "11": "instock",
        "12": "purchasable",
        "13": "product-type-simple"
    },
    "_links": {
        "self": [
            {
                "href": "https:\/\/baldumarket.lt\/en\/wp-json\/wp\/v2\/product\/159684",
                "targetHints": {
                    "allow": [
                        "GET"
                    ]
                }
            }
        ],
        "collection": [
            {
                "href": "https:\/\/baldumarket.lt\/en\/wp-json\/wp\/v2\/product"
            }
        ],
        "about": [
            {
                "href": "https:\/\/baldumarket.lt\/en\/wp-json\/wp\/v2\/types\/product"
            }
        ],
        "replies": [
            {
                "embeddable": true,
                "href": "https:\/\/baldumarket.lt\/en\/wp-json\/wp\/v2\/comments?post=159684"
            }
        ],
        "wp:featuredmedia": [
            {
                "embeddable": true,
                "href": "https:\/\/baldumarket.lt\/en\/wp-json\/wp\/v2\/media\/159685"
            }
        ],
        "wp:attachment": [
            {
                "href": "https:\/\/baldumarket.lt\/en\/wp-json\/wp\/v2\/media?parent=159684"
            }
        ],
        "wp:term": [
            {
                "taxonomy": "product_brand",
                "embeddable": true,
                "href": "https:\/\/baldumarket.lt\/en\/wp-json\/wp\/v2\/product_brand?post=159684"
            },
            {
                "taxonomy": "product_cat",
                "embeddable": true,
                "href": "https:\/\/baldumarket.lt\/en\/wp-json\/wp\/v2\/product_cat?post=159684"
            },
            {
                "taxonomy": "product_tag",
                "embeddable": true,
                "href": "https:\/\/baldumarket.lt\/en\/wp-json\/wp\/v2\/product_tag?post=159684"
            }
        ],
        "curies": [
            {
                "name": "wp",
                "href": "https:\/\/api.w.org\/{rel}",
                "templated": true
            }
        ]
    }
}