{
    "id": 159663,
    "date": "2025-12-19T00:44:56",
    "date_gmt": "2025-12-18T21:44:56",
    "guid": {
        "rendered": "https:\/\/baldumarket.lt\/product\/szafka-kuchenna-dolna-2-drzwiowa-narozna-d90n-bez-blatu-langen-grey\/"
    },
    "modified": "2026-02-18T11:26:47",
    "modified_gmt": "2026-02-18T08:26:47",
    "slug": "szafka-kuchenna-dolna-2-drzwiowa-narozna-d90n-bez-blatu-langen-grey",
    "status": "publish",
    "type": "product",
    "link": "https:\/\/baldumarket.lt\/en\/product\/szafka-kuchenna-dolna-2-drzwiowa-narozna-d90n-bez-blatu-langen-grey\/",
    "title": {
        "rendered": "Apatin\u0117 2 dur\u0173 kampin\u0117 virtuv\u0117s spintel\u0117 D90N be stalvir\u0161io, pilka, Langen"
    },
    "content": {
        "rendered": "<p>Create a modern and functional kitchen space with the Langen Grey 2-Door Corner Base Cabinet. This elegant solution not only adds style to your kitchen but also maximizes its space. Thanks to its modern, minimalist design, this cabinet will blend seamlessly into both traditional and more modern interiors. The Artisan Oak body harmoniously combines with the Grey Matte front, creating a soothing yet distinctive aesthetic. This cabinet not only looks beautiful but is also incredibly practical. Adjustable legs allow you to adjust its height to your needs, while the black metal handles add character and are durable and resistant to everyday use. A brilliant feature of this cabinet is the ability to choose between a traditional handle or a push-to-open system, allowing you to create a more personalized space, precisely according to your preferences. This solution is ideal for those who value aesthetics in every detail and those who value flexibility in kitchen use.<\/p>",
        "protected": false
    },
    "excerpt": {
        "rendered": "<p>Width (cm): 79<br \/>\nHeight (cm): 82<br \/>\nDepth (cm): 79<\/p>",
        "protected": false
    },
    "featured_media": 159664,
    "comment_status": "open",
    "ping_status": "open",
    "template": "",
    "meta": [],
    "product_brand": [],
    "product_cat": [
        9442,
        4106
    ],
    "product_tag": [],
    "class_list": {
        "0": "post-159663",
        "1": "product",
        "2": "type-product",
        "3": "status-publish",
        "4": "has-post-thumbnail",
        "6": "product_cat-kitchen-system-langen-dab-artisan",
        "7": "product_cat-gala-meble",
        "9": "first",
        "10": "instock",
        "11": "purchasable",
        "12": "product-type-simple"
    },
    "_links": {
        "self": [
            {
                "href": "https:\/\/baldumarket.lt\/en\/wp-json\/wp\/v2\/product\/159663",
                "targetHints": {
                    "allow": [
                        "GET"
                    ]
                }
            }
        ],
        "collection": [
            {
                "href": "https:\/\/baldumarket.lt\/en\/wp-json\/wp\/v2\/product"
            }
        ],
        "about": [
            {
                "href": "https:\/\/baldumarket.lt\/en\/wp-json\/wp\/v2\/types\/product"
            }
        ],
        "replies": [
            {
                "embeddable": true,
                "href": "https:\/\/baldumarket.lt\/en\/wp-json\/wp\/v2\/comments?post=159663"
            }
        ],
        "wp:featuredmedia": [
            {
                "embeddable": true,
                "href": "https:\/\/baldumarket.lt\/en\/wp-json\/wp\/v2\/media\/159664"
            }
        ],
        "wp:attachment": [
            {
                "href": "https:\/\/baldumarket.lt\/en\/wp-json\/wp\/v2\/media?parent=159663"
            }
        ],
        "wp:term": [
            {
                "taxonomy": "product_brand",
                "embeddable": true,
                "href": "https:\/\/baldumarket.lt\/en\/wp-json\/wp\/v2\/product_brand?post=159663"
            },
            {
                "taxonomy": "product_cat",
                "embeddable": true,
                "href": "https:\/\/baldumarket.lt\/en\/wp-json\/wp\/v2\/product_cat?post=159663"
            },
            {
                "taxonomy": "product_tag",
                "embeddable": true,
                "href": "https:\/\/baldumarket.lt\/en\/wp-json\/wp\/v2\/product_tag?post=159663"
            }
        ],
        "curies": [
            {
                "name": "wp",
                "href": "https:\/\/api.w.org\/{rel}",
                "templated": true
            }
        ]
    }
}