{
    "id": 159552,
    "date": "2025-12-19T00:41:13",
    "date_gmt": "2025-12-18T21:41:13",
    "guid": {
        "rendered": "https:\/\/baldumarket.lt\/product\/szafka-kuchenna-dolna-2-drzwiowa-zabudowa-lodowki-lewa-d60zl-l-prowansja-sosna-andersen-bialy-mat\/"
    },
    "modified": "2026-02-06T14:45:48",
    "modified_gmt": "2026-02-06T11:45:48",
    "slug": "szafka-kuchenna-dolna-2-drzwiowa-zabudowa-lodowki-lewa-d60zl-l-prowansja-sosna-andersen-bialy-mat",
    "status": "publish",
    "type": "product",
    "link": "https:\/\/baldumarket.lt\/en\/product\/szafka-kuchenna-dolna-2-drzwiowa-zabudowa-lodowki-lewa-d60zl-l-prowansja-sosna-andersen-bialy-mat\/",
    "title": {
        "rendered": "Apatin\u0117 2 dur\u0173 virtuv\u0117s spintel\u0117 su \u0161aldytuvu, kair\u0117, D60ZL-L, provanso pu\u0161is, Andersen balta matin\u0117"
    },
    "content": {
        "rendered": "<p>Discover the charm and functionality of Proven\u00e7al elegance with this uniquely designed base cabinet designed for built-in refrigerators. This unique offering from Ga\u0142a Meble combines aesthetic appeal with top-notch practicality. Inspired by the Proven\u00e7al landscape, the design evokes an atmosphere of peace and coziness, captivating the eye with its subtle color scheme, dominated by shades of Andersen pine interwoven with an elegant matte white. Optimal functionality pairs with aesthetic appeal, making this base cabinet the perfect choice for any kitchen. It subtly blends into the interior design, ensuring comfort during everyday use. The cabinet is equipped with adjustable legs that allow you to adjust the height to your individual needs, making it not only a beautiful decoration but also a functional piece of furniture. Practical solutions, such as the use of MDF on the front and laminated board on the body, increase the durability and resistance of the furniture. Thanks to the materials used, the cabinet not only delights the eye with its aesthetics but also offers durability that will stand the test of time. Furthermore, the contrasting black metal handles add a modern touch while also making it easy to use.<\/p>",
        "protected": false
    },
    "excerpt": {
        "rendered": "<p>Width (cm): 60<br \/>\nHeight (cm): 212<br \/>\nDepth (cm): 58<\/p>",
        "protected": false
    },
    "featured_media": 159553,
    "comment_status": "open",
    "ping_status": "open",
    "template": "",
    "meta": [],
    "product_brand": [],
    "product_cat": [
        9444,
        4106,
        9118
    ],
    "product_tag": [],
    "class_list": {
        "0": "post-159552",
        "1": "product",
        "2": "type-product",
        "3": "status-publish",
        "4": "has-post-thumbnail",
        "6": "product_cat-kitchen-system-prowansja-sosna-andersen",
        "7": "product_cat-gala-meble",
        "8": "product_cat-kitchen-cabinets",
        "10": "first",
        "11": "instock",
        "12": "purchasable",
        "13": "product-type-simple"
    },
    "_links": {
        "self": [
            {
                "href": "https:\/\/baldumarket.lt\/en\/wp-json\/wp\/v2\/product\/159552",
                "targetHints": {
                    "allow": [
                        "GET"
                    ]
                }
            }
        ],
        "collection": [
            {
                "href": "https:\/\/baldumarket.lt\/en\/wp-json\/wp\/v2\/product"
            }
        ],
        "about": [
            {
                "href": "https:\/\/baldumarket.lt\/en\/wp-json\/wp\/v2\/types\/product"
            }
        ],
        "replies": [
            {
                "embeddable": true,
                "href": "https:\/\/baldumarket.lt\/en\/wp-json\/wp\/v2\/comments?post=159552"
            }
        ],
        "wp:featuredmedia": [
            {
                "embeddable": true,
                "href": "https:\/\/baldumarket.lt\/en\/wp-json\/wp\/v2\/media\/159553"
            }
        ],
        "wp:attachment": [
            {
                "href": "https:\/\/baldumarket.lt\/en\/wp-json\/wp\/v2\/media?parent=159552"
            }
        ],
        "wp:term": [
            {
                "taxonomy": "product_brand",
                "embeddable": true,
                "href": "https:\/\/baldumarket.lt\/en\/wp-json\/wp\/v2\/product_brand?post=159552"
            },
            {
                "taxonomy": "product_cat",
                "embeddable": true,
                "href": "https:\/\/baldumarket.lt\/en\/wp-json\/wp\/v2\/product_cat?post=159552"
            },
            {
                "taxonomy": "product_tag",
                "embeddable": true,
                "href": "https:\/\/baldumarket.lt\/en\/wp-json\/wp\/v2\/product_tag?post=159552"
            }
        ],
        "curies": [
            {
                "name": "wp",
                "href": "https:\/\/api.w.org\/{rel}",
                "templated": true
            }
        ]
    }
}