{
    "id": 159423,
    "date": "2025-12-19T00:36:46",
    "date_gmt": "2025-12-18T21:36:46",
    "guid": {
        "rendered": "https:\/\/baldumarket.lt\/product\/szafka-kuchenna-dolna-2-drzwiowa-zabudowa-zlewozmywaka-d80z-prowansja-sosna-andersen-bialy-mat\/"
    },
    "modified": "2026-02-06T14:45:58",
    "modified_gmt": "2026-02-06T11:45:58",
    "slug": "szafka-kuchenna-dolna-2-drzwiowa-zabudowa-zlewozmywaka-d80z-prowansja-sosna-andersen-bialy-mat",
    "status": "publish",
    "type": "product",
    "link": "https:\/\/baldumarket.lt\/en\/product\/szafka-kuchenna-dolna-2-drzwiowa-zabudowa-zlewozmywaka-d80z-prowansja-sosna-andersen-bialy-mat\/",
    "title": {
        "rendered": "Apatin\u0117 2 dur\u0173 virtuv\u0117s spintel\u0117 su kriaukle D80Z Provanso pu\u0161is Andersen balta matin\u0117"
    },
    "content": {
        "rendered": "<p>Choose the D80Z base kitchen cabinet from the Provence collection to bring the unique charm of Proven\u00e7al style to your kitchen. The combination of Andersen Pine and elegant matte white provides a subtle aesthetic that will complement any interior. This cabinet has been designed to blend seamlessly with a variety of kitchen designs, adding character and harmony. The functional design of this cabinet allows for efficient use of kitchen space, especially as a sink unit. Adjustable legs allow you to adjust its height to your individual needs, making it incredibly practical. Contrasting black metal handles add a modern touch, while also making the self-closing door easier to open. Constructed from high-quality materials, such as MDF for the fronts and laminated board for the body, the cabinet guarantees durability and resistance to damage. This means you can enjoy the beauty and functionality of this piece for years to come. Regardless of whether your kitchen is small or large, this piece of furniture will make it even more cozy and practical.<\/p>",
        "protected": false
    },
    "excerpt": {
        "rendered": "<p>Width (cm): 80<br \/>\nHeight (cm): 82<br \/>\nDepth (cm): 47<\/p>",
        "protected": false
    },
    "featured_media": 159424,
    "comment_status": "open",
    "ping_status": "open",
    "template": "",
    "meta": [],
    "product_brand": [],
    "product_cat": [
        9444,
        4106,
        9118
    ],
    "product_tag": [],
    "class_list": {
        "0": "post-159423",
        "1": "product",
        "2": "type-product",
        "3": "status-publish",
        "4": "has-post-thumbnail",
        "6": "product_cat-kitchen-system-prowansja-sosna-andersen",
        "7": "product_cat-gala-meble",
        "8": "product_cat-kitchen-cabinets",
        "10": "first",
        "11": "instock",
        "12": "purchasable",
        "13": "product-type-simple"
    },
    "_links": {
        "self": [
            {
                "href": "https:\/\/baldumarket.lt\/en\/wp-json\/wp\/v2\/product\/159423",
                "targetHints": {
                    "allow": [
                        "GET"
                    ]
                }
            }
        ],
        "collection": [
            {
                "href": "https:\/\/baldumarket.lt\/en\/wp-json\/wp\/v2\/product"
            }
        ],
        "about": [
            {
                "href": "https:\/\/baldumarket.lt\/en\/wp-json\/wp\/v2\/types\/product"
            }
        ],
        "replies": [
            {
                "embeddable": true,
                "href": "https:\/\/baldumarket.lt\/en\/wp-json\/wp\/v2\/comments?post=159423"
            }
        ],
        "wp:featuredmedia": [
            {
                "embeddable": true,
                "href": "https:\/\/baldumarket.lt\/en\/wp-json\/wp\/v2\/media\/159424"
            }
        ],
        "wp:attachment": [
            {
                "href": "https:\/\/baldumarket.lt\/en\/wp-json\/wp\/v2\/media?parent=159423"
            }
        ],
        "wp:term": [
            {
                "taxonomy": "product_brand",
                "embeddable": true,
                "href": "https:\/\/baldumarket.lt\/en\/wp-json\/wp\/v2\/product_brand?post=159423"
            },
            {
                "taxonomy": "product_cat",
                "embeddable": true,
                "href": "https:\/\/baldumarket.lt\/en\/wp-json\/wp\/v2\/product_cat?post=159423"
            },
            {
                "taxonomy": "product_tag",
                "embeddable": true,
                "href": "https:\/\/baldumarket.lt\/en\/wp-json\/wp\/v2\/product_tag?post=159423"
            }
        ],
        "curies": [
            {
                "name": "wp",
                "href": "https:\/\/api.w.org\/{rel}",
                "templated": true
            }
        ]
    }
}