{
    "id": 159388,
    "date": "2025-12-19T00:35:37",
    "date_gmt": "2025-12-18T21:35:37",
    "guid": {
        "rendered": "https:\/\/baldumarket.lt\/product\/szafka-kuchenna-dolna-2-drzwiowy-regal-lewy-d60r-l-prowansja-sosna-andersen-bialy-mat\/"
    },
    "modified": "2026-02-06T13:08:41",
    "modified_gmt": "2026-02-06T10:08:41",
    "slug": "szafka-kuchenna-dolna-2-drzwiowy-regal-lewy-d60r-l-prowansja-sosna-andersen-bialy-mat",
    "status": "publish",
    "type": "product",
    "link": "https:\/\/baldumarket.lt\/en\/product\/szafka-kuchenna-dolna-2-drzwiowy-regal-lewy-d60r-l-prowansja-sosna-andersen-bialy-mat\/",
    "title": {
        "rendered": "Apatin\u0117 virtuv\u0117s spintel\u0117, 2 dur\u0173, kair\u0117 lentyna, D60R-L, provanso pu\u0161is, Anderseno balta matin\u0117"
    },
    "content": {
        "rendered": "<p>Captivate everyone who enters your kitchen with this elegant base cabinet from the Prowansja collection. Inspired by Scandinavian style, this cabinet is the epitome of harmony and sophistication. Andersen Pine fronts subtly contrast with the matte white body, creating an atmosphere of light and spaciousness. This is a choice for those who desire an interior that exudes purity and subtlety. Furthermore, this cabinet is characterized by surprising functionality. Thanks to two folding doors, you can store essential dishes, kitchen accessories, and food products. Clever solutions, such as black metal handles and self-closing hinges, simplify everyday use, making your kitchen a comfortable space. Let&#8217;s not forget the practicality of this Ga\u0142a Meble product. The cabinet is made of high-quality materials\u2014MDF and laminated board\u2014which guarantees its durability and resistance to the daily challenges of kitchen life. Adjustable feet allow for stable adjustment to uneven floors, ensuring complete ergonomics.<\/p>",
        "protected": false
    },
    "excerpt": {
        "rendered": "<p>Width (cm): 60<br \/>\nHeight (cm): 212<br \/>\nDepth (cm): 58<\/p>",
        "protected": false
    },
    "featured_media": 159389,
    "comment_status": "open",
    "ping_status": "open",
    "template": "",
    "meta": [],
    "product_brand": [],
    "product_cat": [
        9444,
        9441,
        4106,
        1987
    ],
    "product_tag": [],
    "class_list": {
        "0": "post-159388",
        "1": "product",
        "2": "type-product",
        "3": "status-publish",
        "4": "has-post-thumbnail",
        "6": "product_cat-kitchen-system-prowansja-sosna-andersen",
        "7": "product_cat-white",
        "8": "product_cat-gala-meble",
        "9": "product_cat-shelving-units",
        "11": "first",
        "12": "instock",
        "13": "purchasable",
        "14": "product-type-simple"
    },
    "_links": {
        "self": [
            {
                "href": "https:\/\/baldumarket.lt\/en\/wp-json\/wp\/v2\/product\/159388",
                "targetHints": {
                    "allow": [
                        "GET"
                    ]
                }
            }
        ],
        "collection": [
            {
                "href": "https:\/\/baldumarket.lt\/en\/wp-json\/wp\/v2\/product"
            }
        ],
        "about": [
            {
                "href": "https:\/\/baldumarket.lt\/en\/wp-json\/wp\/v2\/types\/product"
            }
        ],
        "replies": [
            {
                "embeddable": true,
                "href": "https:\/\/baldumarket.lt\/en\/wp-json\/wp\/v2\/comments?post=159388"
            }
        ],
        "wp:featuredmedia": [
            {
                "embeddable": true,
                "href": "https:\/\/baldumarket.lt\/en\/wp-json\/wp\/v2\/media\/159389"
            }
        ],
        "wp:attachment": [
            {
                "href": "https:\/\/baldumarket.lt\/en\/wp-json\/wp\/v2\/media?parent=159388"
            }
        ],
        "wp:term": [
            {
                "taxonomy": "product_brand",
                "embeddable": true,
                "href": "https:\/\/baldumarket.lt\/en\/wp-json\/wp\/v2\/product_brand?post=159388"
            },
            {
                "taxonomy": "product_cat",
                "embeddable": true,
                "href": "https:\/\/baldumarket.lt\/en\/wp-json\/wp\/v2\/product_cat?post=159388"
            },
            {
                "taxonomy": "product_tag",
                "embeddable": true,
                "href": "https:\/\/baldumarket.lt\/en\/wp-json\/wp\/v2\/product_tag?post=159388"
            }
        ],
        "curies": [
            {
                "name": "wp",
                "href": "https:\/\/api.w.org\/{rel}",
                "templated": true
            }
        ]
    }
}