{
    "id": 159374,
    "date": "2025-12-19T00:35:11",
    "date_gmt": "2025-12-18T21:35:11",
    "guid": {
        "rendered": "https:\/\/baldumarket.lt\/product\/szafka-kuchenna-dolna-2-drzwiowy-regal-prawy-d60r-p-prowansja-sosna-andersen-bialy-mat\/"
    },
    "modified": "2026-02-06T13:08:41",
    "modified_gmt": "2026-02-06T10:08:41",
    "slug": "szafka-kuchenna-dolna-2-drzwiowy-regal-prawy-d60r-p-prowansja-sosna-andersen-bialy-mat",
    "status": "publish",
    "type": "product",
    "link": "https:\/\/baldumarket.lt\/en\/product\/szafka-kuchenna-dolna-2-drzwiowy-regal-prawy-d60r-p-prowansja-sosna-andersen-bialy-mat\/",
    "title": {
        "rendered": "Apatin\u0117 virtuv\u0117s spintel\u0117, 2 dur\u0173, de\u0161inin\u0117 lentyna, D60R-P, provanso pu\u0161is, Anderseno balta matin\u0117"
    },
    "content": {
        "rendered": "<p>Discover a new dimension in your kitchen design with the unique lower kitchen cabinet from Ga\u0142a Meble. The D60R-P Prowansja model embodies the essence of classic design, bringing the unique charm of Proven\u00e7al elegance to your interior. The Andersen pine on the front harmoniously complements the matte white body, creating a space with a fresh and timeless character. Thanks to its well-thought-out design, this two-door cabinet is the perfect practical addition to any kitchen. The ergonomically designed interior facilitates storage of essential kitchen accessories, making your daily chores much more convenient. Adjustable legs, ranging from 10 cm to 12.5 cm in height, allow you to customize the cabinet to your individual needs, enhancing its functionality. The aesthetic of this cabinet is enhanced by stylish black metal handles, giving any interior a modern character. Subtle details, such as self-closing hinges, make everyday use not only simple but also incredibly enjoyable. Such a decorative element is not only a piece of furniture, but also a unique accent that highlights the style of your kitchen.<\/p>",
        "protected": false
    },
    "excerpt": {
        "rendered": "<p>Width (cm): 60<br \/>\nHeight (cm): 212<br \/>\nDepth (cm): 58<\/p>",
        "protected": false
    },
    "featured_media": 159375,
    "comment_status": "open",
    "ping_status": "open",
    "template": "",
    "meta": [],
    "product_brand": [],
    "product_cat": [
        9444,
        9441,
        4106,
        1987
    ],
    "product_tag": [],
    "class_list": {
        "0": "post-159374",
        "1": "product",
        "2": "type-product",
        "3": "status-publish",
        "4": "has-post-thumbnail",
        "6": "product_cat-kitchen-system-prowansja-sosna-andersen",
        "7": "product_cat-white",
        "8": "product_cat-gala-meble",
        "9": "product_cat-shelving-units",
        "11": "first",
        "12": "instock",
        "13": "purchasable",
        "14": "product-type-simple"
    },
    "_links": {
        "self": [
            {
                "href": "https:\/\/baldumarket.lt\/en\/wp-json\/wp\/v2\/product\/159374",
                "targetHints": {
                    "allow": [
                        "GET"
                    ]
                }
            }
        ],
        "collection": [
            {
                "href": "https:\/\/baldumarket.lt\/en\/wp-json\/wp\/v2\/product"
            }
        ],
        "about": [
            {
                "href": "https:\/\/baldumarket.lt\/en\/wp-json\/wp\/v2\/types\/product"
            }
        ],
        "replies": [
            {
                "embeddable": true,
                "href": "https:\/\/baldumarket.lt\/en\/wp-json\/wp\/v2\/comments?post=159374"
            }
        ],
        "wp:featuredmedia": [
            {
                "embeddable": true,
                "href": "https:\/\/baldumarket.lt\/en\/wp-json\/wp\/v2\/media\/159375"
            }
        ],
        "wp:attachment": [
            {
                "href": "https:\/\/baldumarket.lt\/en\/wp-json\/wp\/v2\/media?parent=159374"
            }
        ],
        "wp:term": [
            {
                "taxonomy": "product_brand",
                "embeddable": true,
                "href": "https:\/\/baldumarket.lt\/en\/wp-json\/wp\/v2\/product_brand?post=159374"
            },
            {
                "taxonomy": "product_cat",
                "embeddable": true,
                "href": "https:\/\/baldumarket.lt\/en\/wp-json\/wp\/v2\/product_cat?post=159374"
            },
            {
                "taxonomy": "product_tag",
                "embeddable": true,
                "href": "https:\/\/baldumarket.lt\/en\/wp-json\/wp\/v2\/product_tag?post=159374"
            }
        ],
        "curies": [
            {
                "name": "wp",
                "href": "https:\/\/api.w.org\/{rel}",
                "templated": true
            }
        ]
    }
}