{
    "id": 158130,
    "date": "2025-12-18T23:52:18",
    "date_gmt": "2025-12-18T20:52:18",
    "guid": {
        "rendered": "https:\/\/baldumarket.lt\/product\/szafka-kuchenna-dolna-zabudowa-kuchenki-d60zk-prowansja-sosna-andersen-bialy-mat\/"
    },
    "modified": "2026-02-06T13:08:41",
    "modified_gmt": "2026-02-06T10:08:41",
    "slug": "szafka-kuchenna-dolna-zabudowa-kuchenki-d60zk-prowansja-sosna-andersen-bialy-mat",
    "status": "publish",
    "type": "product",
    "link": "https:\/\/baldumarket.lt\/en\/product\/szafka-kuchenna-dolna-zabudowa-kuchenki-d60zk-prowansja-sosna-andersen-bialy-mat\/",
    "title": {
        "rendered": "Apatin\u0117 virtuv\u0117s spintel\u0117 D60ZK, Provanso pu\u0161is, Anderseno balta matin\u0117 spalva"
    },
    "content": {
        "rendered": "<p>Add a unique touch of Proven\u00e7al style to your kitchen with a base cabinet from the Prowansja series, inspired by the beauty of natural wood. The Ga\u0142a Meble collection will delight you with its subtle combination of matte white and Andersen Pine finishes, creating a harmonious composition and giving the interior a warm, cozy character. Enjoy the aesthetics that add a pleasant, rustic charm to the space. The D60ZK base cabinet, measuring 60 cm wide, 82 cm high, and 52 cm deep, was designed with everyday comfort in mind. The space it offers allows you to functionally organize hard-to-reach areas in your kitchen. Classic black metal handles complement the overall design perfectly, adding elegance and expressiveness. This piece offers not only beautiful form but also refined functionality. Thanks to the self-closing runners, you can enjoy comfortable and safe use. The MDF board used for the fronts and the laminated board for the body guarantee durability and resistance to everyday challenges, while the adjustable legs allow you to adapt the cabinet to your needs.<\/p>",
        "protected": false
    },
    "excerpt": {
        "rendered": "<p>Width (cm): 60<br \/>\nHeight (cm): 82<br \/>\nDepth (cm): 52<\/p>",
        "protected": false
    },
    "featured_media": 158131,
    "comment_status": "open",
    "ping_status": "open",
    "template": "",
    "meta": [],
    "product_brand": [],
    "product_cat": [
        9444,
        9441,
        4106,
        9118
    ],
    "product_tag": [],
    "class_list": {
        "0": "post-158130",
        "1": "product",
        "2": "type-product",
        "3": "status-publish",
        "4": "has-post-thumbnail",
        "6": "product_cat-kitchen-system-prowansja-sosna-andersen",
        "7": "product_cat-white",
        "8": "product_cat-gala-meble",
        "9": "product_cat-kitchen-cabinets",
        "11": "first",
        "12": "instock",
        "13": "purchasable",
        "14": "product-type-simple"
    },
    "_links": {
        "self": [
            {
                "href": "https:\/\/baldumarket.lt\/en\/wp-json\/wp\/v2\/product\/158130",
                "targetHints": {
                    "allow": [
                        "GET"
                    ]
                }
            }
        ],
        "collection": [
            {
                "href": "https:\/\/baldumarket.lt\/en\/wp-json\/wp\/v2\/product"
            }
        ],
        "about": [
            {
                "href": "https:\/\/baldumarket.lt\/en\/wp-json\/wp\/v2\/types\/product"
            }
        ],
        "replies": [
            {
                "embeddable": true,
                "href": "https:\/\/baldumarket.lt\/en\/wp-json\/wp\/v2\/comments?post=158130"
            }
        ],
        "wp:featuredmedia": [
            {
                "embeddable": true,
                "href": "https:\/\/baldumarket.lt\/en\/wp-json\/wp\/v2\/media\/158131"
            }
        ],
        "wp:attachment": [
            {
                "href": "https:\/\/baldumarket.lt\/en\/wp-json\/wp\/v2\/media?parent=158130"
            }
        ],
        "wp:term": [
            {
                "taxonomy": "product_brand",
                "embeddable": true,
                "href": "https:\/\/baldumarket.lt\/en\/wp-json\/wp\/v2\/product_brand?post=158130"
            },
            {
                "taxonomy": "product_cat",
                "embeddable": true,
                "href": "https:\/\/baldumarket.lt\/en\/wp-json\/wp\/v2\/product_cat?post=158130"
            },
            {
                "taxonomy": "product_tag",
                "embeddable": true,
                "href": "https:\/\/baldumarket.lt\/en\/wp-json\/wp\/v2\/product_tag?post=158130"
            }
        ],
        "curies": [
            {
                "name": "wp",
                "href": "https:\/\/api.w.org\/{rel}",
                "templated": true
            }
        ]
    }
}