{
    "id": 157971,
    "date": "2025-12-18T23:47:24",
    "date_gmt": "2025-12-18T20:47:24",
    "guid": {
        "rendered": "https:\/\/baldumarket.lt\/product\/szafka-kuchenna-gorna-1-drzwiowa-g45-prowansja-sosna-andersen-bialy-mat\/"
    },
    "modified": "2026-02-06T13:08:41",
    "modified_gmt": "2026-02-06T10:08:41",
    "slug": "szafka-kuchenna-gorna-1-drzwiowa-g45-prowansja-sosna-andersen-bialy-mat",
    "status": "publish",
    "type": "product",
    "link": "https:\/\/baldumarket.lt\/en\/product\/szafka-kuchenna-gorna-1-drzwiowa-g45-prowansja-sosna-andersen-bialy-mat\/",
    "title": {
        "rendered": "Vir\u0161utin\u0117 virtuv\u0117s spintel\u0117, 1 dur\u0173, G45, Provanso pu\u0161is, Anderseno balta matin\u0117"
    },
    "content": {
        "rendered": "<p>Bring the spirit of the French provinces directly into your kitchen with this elegant single-door upper kitchen cabinet from the Provence collection. Crafted with exceptional attention to detail, it is the perfect blend of cozy style and a modern touch. The Andersen Pine front attracts attention with its natural aesthetic, adding warmth to any interior. Elegance and subtlety are the hallmarks of this cabinet. The delicate matte white body harmoniously complements the front, creating a classic yet fresh design. Thanks to its compact dimensions\u201445 cm wide, 72 cm high, and 32 cm deep\u2014this cabinet fits even in smaller spaces, offering additional storage for your kitchen accessories. Our product not only impresses with its appearance but also with its functionality. Equipped with self-closing hinges, it ensures smooth and quiet door closure, enhancing the comfort of everyday use. This practical solution significantly enhances the unit&#8217;s usability, making it a part of your kitchen that will meet the requirements of even the most demanding users.<\/p>",
        "protected": false
    },
    "excerpt": {
        "rendered": "<p>Width (cm): 45<br \/>\nHeight (cm): 72<br \/>\nDepth (cm): 32<\/p>",
        "protected": false
    },
    "featured_media": 157972,
    "comment_status": "open",
    "ping_status": "open",
    "template": "",
    "meta": [],
    "product_brand": [],
    "product_cat": [
        9444,
        9441,
        4106,
        9118
    ],
    "product_tag": [],
    "class_list": {
        "0": "post-157971",
        "1": "product",
        "2": "type-product",
        "3": "status-publish",
        "4": "has-post-thumbnail",
        "6": "product_cat-kitchen-system-prowansja-sosna-andersen",
        "7": "product_cat-white",
        "8": "product_cat-gala-meble",
        "9": "product_cat-kitchen-cabinets",
        "11": "first",
        "12": "instock",
        "13": "purchasable",
        "14": "product-type-simple"
    },
    "_links": {
        "self": [
            {
                "href": "https:\/\/baldumarket.lt\/en\/wp-json\/wp\/v2\/product\/157971",
                "targetHints": {
                    "allow": [
                        "GET"
                    ]
                }
            }
        ],
        "collection": [
            {
                "href": "https:\/\/baldumarket.lt\/en\/wp-json\/wp\/v2\/product"
            }
        ],
        "about": [
            {
                "href": "https:\/\/baldumarket.lt\/en\/wp-json\/wp\/v2\/types\/product"
            }
        ],
        "replies": [
            {
                "embeddable": true,
                "href": "https:\/\/baldumarket.lt\/en\/wp-json\/wp\/v2\/comments?post=157971"
            }
        ],
        "wp:featuredmedia": [
            {
                "embeddable": true,
                "href": "https:\/\/baldumarket.lt\/en\/wp-json\/wp\/v2\/media\/157972"
            }
        ],
        "wp:attachment": [
            {
                "href": "https:\/\/baldumarket.lt\/en\/wp-json\/wp\/v2\/media?parent=157971"
            }
        ],
        "wp:term": [
            {
                "taxonomy": "product_brand",
                "embeddable": true,
                "href": "https:\/\/baldumarket.lt\/en\/wp-json\/wp\/v2\/product_brand?post=157971"
            },
            {
                "taxonomy": "product_cat",
                "embeddable": true,
                "href": "https:\/\/baldumarket.lt\/en\/wp-json\/wp\/v2\/product_cat?post=157971"
            },
            {
                "taxonomy": "product_tag",
                "embeddable": true,
                "href": "https:\/\/baldumarket.lt\/en\/wp-json\/wp\/v2\/product_tag?post=157971"
            }
        ],
        "curies": [
            {
                "name": "wp",
                "href": "https:\/\/api.w.org\/{rel}",
                "templated": true
            }
        ]
    }
}