{
    "id": 157776,
    "date": "2025-12-18T23:41:10",
    "date_gmt": "2025-12-18T20:41:10",
    "guid": {
        "rendered": "https:\/\/baldumarket.lt\/product\/szafka-kuchenna-gorna-1-drzwiowa-g80k-prowansja-sosna-andersen-bialy-mat\/"
    },
    "modified": "2026-02-06T13:08:53",
    "modified_gmt": "2026-02-06T10:08:53",
    "slug": "szafka-kuchenna-gorna-1-drzwiowa-g80k-prowansja-sosna-andersen-bialy-mat",
    "status": "publish",
    "type": "product",
    "link": "https:\/\/baldumarket.lt\/en\/product\/szafka-kuchenna-gorna-1-drzwiowa-g80k-prowansja-sosna-andersen-bialy-mat\/",
    "title": {
        "rendered": "Vir\u0161utin\u0117 virtuv\u0117s spintel\u0117, 1 dur\u0173, G80K, Provanso pu\u0161is, Anderseno balta matin\u0117"
    },
    "content": {
        "rendered": "<p>Discover the unique charm of the G80K upper kitchen cabinet from the Prowansja collection by Ga\u0142a Meble, which combines unique style and functionality. Andersen Pine fronts harmoniously complement the matte white body, creating a composition that adds class and elegance to any kitchen. This piece is the perfect choice for those seeking a touch of Proven\u00e7al chic. This cabinet not only looks beautiful but also serves its everyday practical purposes. Thanks to its well-thought-out design, it accommodates all the essential kitchen accessories, providing easy access. Self-closing hinges ensure that using the cabinet is child&#8217;s play and incredibly comfortable. Black metal handles, contrasting with the lighter fronts, add a modern touch, while creating a harmonious whole with the rest of the kitchen furniture. This subtle detail highlights the meticulous craftsmanship and attention to aesthetics of each element, sure to attract the attention of your guests.<\/p>",
        "protected": false
    },
    "excerpt": {
        "rendered": "<p>Width (cm): 80<br \/>\nHeight (cm): 36<br \/>\nDepth (cm): 32<\/p>",
        "protected": false
    },
    "featured_media": 157777,
    "comment_status": "open",
    "ping_status": "open",
    "template": "",
    "meta": [],
    "product_brand": [],
    "product_cat": [
        9444,
        9441,
        4106,
        9118
    ],
    "product_tag": [],
    "class_list": {
        "0": "post-157776",
        "1": "product",
        "2": "type-product",
        "3": "status-publish",
        "4": "has-post-thumbnail",
        "6": "product_cat-kitchen-system-prowansja-sosna-andersen",
        "7": "product_cat-white",
        "8": "product_cat-gala-meble",
        "9": "product_cat-kitchen-cabinets",
        "11": "first",
        "12": "instock",
        "13": "purchasable",
        "14": "product-type-simple"
    },
    "_links": {
        "self": [
            {
                "href": "https:\/\/baldumarket.lt\/en\/wp-json\/wp\/v2\/product\/157776",
                "targetHints": {
                    "allow": [
                        "GET"
                    ]
                }
            }
        ],
        "collection": [
            {
                "href": "https:\/\/baldumarket.lt\/en\/wp-json\/wp\/v2\/product"
            }
        ],
        "about": [
            {
                "href": "https:\/\/baldumarket.lt\/en\/wp-json\/wp\/v2\/types\/product"
            }
        ],
        "replies": [
            {
                "embeddable": true,
                "href": "https:\/\/baldumarket.lt\/en\/wp-json\/wp\/v2\/comments?post=157776"
            }
        ],
        "wp:featuredmedia": [
            {
                "embeddable": true,
                "href": "https:\/\/baldumarket.lt\/en\/wp-json\/wp\/v2\/media\/157777"
            }
        ],
        "wp:attachment": [
            {
                "href": "https:\/\/baldumarket.lt\/en\/wp-json\/wp\/v2\/media?parent=157776"
            }
        ],
        "wp:term": [
            {
                "taxonomy": "product_brand",
                "embeddable": true,
                "href": "https:\/\/baldumarket.lt\/en\/wp-json\/wp\/v2\/product_brand?post=157776"
            },
            {
                "taxonomy": "product_cat",
                "embeddable": true,
                "href": "https:\/\/baldumarket.lt\/en\/wp-json\/wp\/v2\/product_cat?post=157776"
            },
            {
                "taxonomy": "product_tag",
                "embeddable": true,
                "href": "https:\/\/baldumarket.lt\/en\/wp-json\/wp\/v2\/product_tag?post=157776"
            }
        ],
        "curies": [
            {
                "name": "wp",
                "href": "https:\/\/api.w.org\/{rel}",
                "templated": true
            }
        ]
    }
}