{
    "id": 157369,
    "date": "2025-12-18T23:28:05",
    "date_gmt": "2025-12-18T20:28:05",
    "guid": {
        "rendered": "https:\/\/baldumarket.lt\/product\/szafka-kuchenna-gorna-2-drzwiowa-g60-prowansja-sosna-andersen-bialy-mat\/"
    },
    "modified": "2026-02-06T13:09:04",
    "modified_gmt": "2026-02-06T10:09:04",
    "slug": "szafka-kuchenna-gorna-2-drzwiowa-g60-prowansja-sosna-andersen-bialy-mat",
    "status": "publish",
    "type": "product",
    "link": "https:\/\/baldumarket.lt\/en\/product\/szafka-kuchenna-gorna-2-drzwiowa-g60-prowansja-sosna-andersen-bialy-mat\/",
    "title": {
        "rendered": "Vir\u0161utin\u0117 2 dur\u0173 virtuv\u0117s spintel\u0117 G60 Provanso pu\u0161is Anderseno balta matin\u0117"
    },
    "content": {
        "rendered": "<p>Discover the charm of Proven\u00e7al style with the G60 kitchen upper cabinet from the Provence collection. Its unique design, inspired by the natural beauty of the Provence region, brings an extraordinary atmosphere of peace and harmony to your interior. Finished in the subtle shade of Andersen pine with a matte white body, this cabinet perfectly complements rustic elegance, blending seamlessly with both modern and traditional kitchen designs. Functionality meets aesthetics here, offering a practical solution for any kitchen. Thanks to its double doors, which gently close thanks to self-closing hinges, the cabinet provides convenient access to items stored inside. It&#8217;s the perfect place to store tableware, spices, and other kitchen treasures you want to always have close at hand. The solid MDF construction and laminated body guarantee durability and resistance to damage, which is crucial for everyday use. Black metal handles not only add a distinctive character to the cabinet but also ensure comfort of use. Thanks to this, the furniture not only looks beautiful, but also meets all the practical expectations of a modern user.<\/p>",
        "protected": false
    },
    "excerpt": {
        "rendered": "<p>Width (cm): 60<br \/>\nHeight (cm): 72<br \/>\nDepth (cm): 32<\/p>",
        "protected": false
    },
    "featured_media": 157370,
    "comment_status": "open",
    "ping_status": "open",
    "template": "",
    "meta": [],
    "product_brand": [],
    "product_cat": [
        9444,
        9441,
        4106,
        9118
    ],
    "product_tag": [],
    "class_list": {
        "0": "post-157369",
        "1": "product",
        "2": "type-product",
        "3": "status-publish",
        "4": "has-post-thumbnail",
        "6": "product_cat-kitchen-system-prowansja-sosna-andersen",
        "7": "product_cat-white",
        "8": "product_cat-gala-meble",
        "9": "product_cat-kitchen-cabinets",
        "11": "first",
        "12": "instock",
        "13": "purchasable",
        "14": "product-type-simple"
    },
    "_links": {
        "self": [
            {
                "href": "https:\/\/baldumarket.lt\/en\/wp-json\/wp\/v2\/product\/157369",
                "targetHints": {
                    "allow": [
                        "GET"
                    ]
                }
            }
        ],
        "collection": [
            {
                "href": "https:\/\/baldumarket.lt\/en\/wp-json\/wp\/v2\/product"
            }
        ],
        "about": [
            {
                "href": "https:\/\/baldumarket.lt\/en\/wp-json\/wp\/v2\/types\/product"
            }
        ],
        "replies": [
            {
                "embeddable": true,
                "href": "https:\/\/baldumarket.lt\/en\/wp-json\/wp\/v2\/comments?post=157369"
            }
        ],
        "wp:featuredmedia": [
            {
                "embeddable": true,
                "href": "https:\/\/baldumarket.lt\/en\/wp-json\/wp\/v2\/media\/157370"
            }
        ],
        "wp:attachment": [
            {
                "href": "https:\/\/baldumarket.lt\/en\/wp-json\/wp\/v2\/media?parent=157369"
            }
        ],
        "wp:term": [
            {
                "taxonomy": "product_brand",
                "embeddable": true,
                "href": "https:\/\/baldumarket.lt\/en\/wp-json\/wp\/v2\/product_brand?post=157369"
            },
            {
                "taxonomy": "product_cat",
                "embeddable": true,
                "href": "https:\/\/baldumarket.lt\/en\/wp-json\/wp\/v2\/product_cat?post=157369"
            },
            {
                "taxonomy": "product_tag",
                "embeddable": true,
                "href": "https:\/\/baldumarket.lt\/en\/wp-json\/wp\/v2\/product_tag?post=157369"
            }
        ],
        "curies": [
            {
                "name": "wp",
                "href": "https:\/\/api.w.org\/{rel}",
                "templated": true
            }
        ]
    }
}