{
    "id": 157324,
    "date": "2025-12-18T23:26:38",
    "date_gmt": "2025-12-18T20:26:38",
    "guid": {
        "rendered": "https:\/\/baldumarket.lt\/product\/szafka-kuchenna-gorna-2-drzwiowa-g80-prowansja-sosna-andersen-bialy-mat\/"
    },
    "modified": "2026-02-06T13:09:04",
    "modified_gmt": "2026-02-06T10:09:04",
    "slug": "szafka-kuchenna-gorna-2-drzwiowa-g80-prowansja-sosna-andersen-bialy-mat",
    "status": "publish",
    "type": "product",
    "link": "https:\/\/baldumarket.lt\/en\/product\/szafka-kuchenna-gorna-2-drzwiowa-g80-prowansja-sosna-andersen-bialy-mat\/",
    "title": {
        "rendered": "Vir\u0161utin\u0117 2 dur\u0173 virtuv\u0117s spintel\u0117 G80 Provanso pu\u0161is Anderseno balta matin\u0117"
    },
    "content": {
        "rendered": "<p>Discover the elegance and functionality offered by the G80 Prowansja 2-door upper kitchen cabinet from Ga\u0142a Meble. Inspired by the charm of Proven\u00e7al interiors, this cabinet was designed to bring a touch of classic yet modern style to your kitchen. The Andersen Pine color gives the front a warm and cozy look that perfectly complements any kitchen interior. The matte white finish gives the cabinet a subtle yet sophisticated character, making the space feel bright and welcoming. It&#8217;s the perfect choice for those who value both aesthetics and functionality. The cabinet blends seamlessly with other elements of the Prowansja collection, creating a cohesive and harmonious whole in any home. Functionality is a key element of this cabinet. Self-closing hinges make opening and closing the doors exceptionally smooth and quiet, a definite advantage in everyday use. Black metal handles add a modern touch to the cabinet, and their ergonomic shape ensures comfortable use.<\/p>",
        "protected": false
    },
    "excerpt": {
        "rendered": "<p>Width (cm): 80<br \/>\nHeight (cm): 72<br \/>\nDepth (cm): 32<\/p>",
        "protected": false
    },
    "featured_media": 157325,
    "comment_status": "open",
    "ping_status": "open",
    "template": "",
    "meta": [],
    "product_brand": [],
    "product_cat": [
        9444,
        9441,
        4106,
        9118
    ],
    "product_tag": [],
    "class_list": {
        "0": "post-157324",
        "1": "product",
        "2": "type-product",
        "3": "status-publish",
        "4": "has-post-thumbnail",
        "6": "product_cat-kitchen-system-prowansja-sosna-andersen",
        "7": "product_cat-white",
        "8": "product_cat-gala-meble",
        "9": "product_cat-kitchen-cabinets",
        "11": "first",
        "12": "instock",
        "13": "purchasable",
        "14": "product-type-simple"
    },
    "_links": {
        "self": [
            {
                "href": "https:\/\/baldumarket.lt\/en\/wp-json\/wp\/v2\/product\/157324",
                "targetHints": {
                    "allow": [
                        "GET"
                    ]
                }
            }
        ],
        "collection": [
            {
                "href": "https:\/\/baldumarket.lt\/en\/wp-json\/wp\/v2\/product"
            }
        ],
        "about": [
            {
                "href": "https:\/\/baldumarket.lt\/en\/wp-json\/wp\/v2\/types\/product"
            }
        ],
        "replies": [
            {
                "embeddable": true,
                "href": "https:\/\/baldumarket.lt\/en\/wp-json\/wp\/v2\/comments?post=157324"
            }
        ],
        "wp:featuredmedia": [
            {
                "embeddable": true,
                "href": "https:\/\/baldumarket.lt\/en\/wp-json\/wp\/v2\/media\/157325"
            }
        ],
        "wp:attachment": [
            {
                "href": "https:\/\/baldumarket.lt\/en\/wp-json\/wp\/v2\/media?parent=157324"
            }
        ],
        "wp:term": [
            {
                "taxonomy": "product_brand",
                "embeddable": true,
                "href": "https:\/\/baldumarket.lt\/en\/wp-json\/wp\/v2\/product_brand?post=157324"
            },
            {
                "taxonomy": "product_cat",
                "embeddable": true,
                "href": "https:\/\/baldumarket.lt\/en\/wp-json\/wp\/v2\/product_cat?post=157324"
            },
            {
                "taxonomy": "product_tag",
                "embeddable": true,
                "href": "https:\/\/baldumarket.lt\/en\/wp-json\/wp\/v2\/product_tag?post=157324"
            }
        ],
        "curies": [
            {
                "name": "wp",
                "href": "https:\/\/api.w.org\/{rel}",
                "templated": true
            }
        ]
    }
}