{
    "id": 153325,
    "date": "2025-12-18T06:10:45",
    "date_gmt": "2025-12-18T03:10:45",
    "guid": {
        "rendered": "https:\/\/baldumarket.lt\/?post_type=product&#038;p=153325"
    },
    "modified": "2026-02-04T09:59:29",
    "modified_gmt": "2026-02-04T06:59:29",
    "slug": "sofa-solano-z-funkcja-spania-typu-dl-i-pojemnikiem-na-posciel-gr1",
    "status": "publish",
    "type": "product",
    "link": "https:\/\/baldumarket.lt\/en\/product\/sofa-solano-z-funkcja-spania-typu-dl-i-pojemnikiem-na-posciel-gr1\/",
    "title": {
        "rendered": "\u201eSolano\u201c sofa su miegojimo funkcija, tipas DL, ir patalyn\u0117s d\u0117\u017ee Gr1"
    },
    "content": {
        "rendered": "<h5><span style=\"color: #54859b\">Visit our virtual store of the WERSAL brand<\/span><\/h5>\n<p> <a href=\"https:\/\/my.matterport.com\/show\/?m=SjRhosZFbQJ\" target=\"_blank\" rel=\"noopener\"><span style=\"color: #e47025\">https:\/\/my.matterport.com\/<\/span><\/a><\/p>\n<p>The Solano sofa is a simple yet elegant option that will enhance the decor of your living room. The sofa features a DL sleeping function with a surface area of \u200b\u200b144&#215;192 cm and a 187x60x13.5 cm bedding compartment. The seat is filled with type B wave springs and N30 polyurethane foam. The backrest is filled with type B wave springs and N30 polyurethane foam. The back is upholstered. The wooden legs are 16 cm high. The sofa is available in a wide range of colors. The Solano corner sofa and pouffe are also available.<\/p>",
        "protected": false
    },
    "excerpt": {
        "rendered": "<p>Weight: 91 kg<br \/>\nWidth: 230 cm<br \/>\nDepth: 107 cm<br \/>\nHeight: 85 cm<br \/>\nSleeping area width: 144 cm<br \/>\nSleeping area length: 192 cm<br \/>\nRelaxation function: without relaxation function<\/p>",
        "protected": false
    },
    "featured_media": 153397,
    "comment_status": "open",
    "ping_status": "closed",
    "template": "",
    "meta": [],
    "product_brand": [],
    "product_cat": [
        9388,
        560,
        4104
    ],
    "product_tag": [],
    "class_list": {
        "0": "post-153325",
        "1": "product",
        "2": "type-product",
        "3": "status-publish",
        "4": "has-post-thumbnail",
        "6": "product_cat-upholstered-furniture-young-wersal",
        "7": "product_cat-sofas-and-couches",
        "8": "product_cat-wersal",
        "10": "first",
        "11": "instock",
        "12": "shipping-taxable",
        "13": "purchasable",
        "14": "product-type-variable",
        "15": "wvs-archive-product-wrapper"
    },
    "_links": {
        "self": [
            {
                "href": "https:\/\/baldumarket.lt\/en\/wp-json\/wp\/v2\/product\/153325",
                "targetHints": {
                    "allow": [
                        "GET"
                    ]
                }
            }
        ],
        "collection": [
            {
                "href": "https:\/\/baldumarket.lt\/en\/wp-json\/wp\/v2\/product"
            }
        ],
        "about": [
            {
                "href": "https:\/\/baldumarket.lt\/en\/wp-json\/wp\/v2\/types\/product"
            }
        ],
        "replies": [
            {
                "embeddable": true,
                "href": "https:\/\/baldumarket.lt\/en\/wp-json\/wp\/v2\/comments?post=153325"
            }
        ],
        "wp:featuredmedia": [
            {
                "embeddable": true,
                "href": "https:\/\/baldumarket.lt\/en\/wp-json\/wp\/v2\/media\/153397"
            }
        ],
        "wp:attachment": [
            {
                "href": "https:\/\/baldumarket.lt\/en\/wp-json\/wp\/v2\/media?parent=153325"
            }
        ],
        "wp:term": [
            {
                "taxonomy": "product_brand",
                "embeddable": true,
                "href": "https:\/\/baldumarket.lt\/en\/wp-json\/wp\/v2\/product_brand?post=153325"
            },
            {
                "taxonomy": "product_cat",
                "embeddable": true,
                "href": "https:\/\/baldumarket.lt\/en\/wp-json\/wp\/v2\/product_cat?post=153325"
            },
            {
                "taxonomy": "product_tag",
                "embeddable": true,
                "href": "https:\/\/baldumarket.lt\/en\/wp-json\/wp\/v2\/product_tag?post=153325"
            }
        ],
        "curies": [
            {
                "name": "wp",
                "href": "https:\/\/api.w.org\/{rel}",
                "templated": true
            }
        ]
    }
}