{
    "id": 153323,
    "date": "2025-12-18T06:10:43",
    "date_gmt": "2025-12-18T03:10:43",
    "guid": {
        "rendered": "https:\/\/baldumarket.lt\/?post_type=product&#038;p=153323"
    },
    "modified": "2026-02-04T09:59:29",
    "modified_gmt": "2026-02-04T06:59:29",
    "slug": "sofa-oslo-z-funkcja-spania-typu-dl-i-pojemnikiem-na-posciel-gr1",
    "status": "publish",
    "type": "product",
    "link": "https:\/\/baldumarket.lt\/en\/product\/sofa-oslo-z-funkcja-spania-typu-dl-i-pojemnikiem-na-posciel-gr1\/",
    "title": {
        "rendered": "Oslo sofa su miegojimo funkcija, DL tipo, ir patalyn\u0117s d\u0117\u017ee Gr1"
    },
    "content": {
        "rendered": "<h5><span style=\"color: #54859b\">Visit our virtual store of the WERSAL brand<\/span><\/h5>\n<p> <a href=\"https:\/\/my.matterport.com\/show\/?m=SjRhosZFbQJ\" target=\"_blank\" rel=\"noopener\"><span style=\"color: #e47025\">https:\/\/my.matterport.com\/<\/span><\/a><\/p>\n<p>The stylish Oslo sofa with its distinctive tufting is a perfect example of combining fashionable design with compact size and functionality. It fits perfectly into small spaces, and thanks to the sleeping function with the DL automatic reclining system, it will offer the possibility of occasional sleeping. The sleeping area measures 144&#215;196 cm. Under the sofa seat, there is a practical storage compartment for bedding and other textiles, measuring 185x60x27 cm. The back of the sofa is upholstered. The legs are 12 cm high.<\/p>",
        "protected": false
    },
    "excerpt": {
        "rendered": "<p>Width: 197 cm<br \/>\nDepth: 94 cm<br \/>\nHeight: 90 cm<br \/>\nSleeping area width: 144 cm<br \/>\nSleeping area length: 196 cm<br \/>\nRelaxation function: without relaxation function<\/p>",
        "protected": false
    },
    "featured_media": 153390,
    "comment_status": "open",
    "ping_status": "closed",
    "template": "",
    "meta": [],
    "product_brand": [],
    "product_cat": [
        9388,
        560,
        4104
    ],
    "product_tag": [],
    "class_list": {
        "0": "post-153323",
        "1": "product",
        "2": "type-product",
        "3": "status-publish",
        "4": "has-post-thumbnail",
        "6": "product_cat-upholstered-furniture-young-wersal",
        "7": "product_cat-sofas-and-couches",
        "8": "product_cat-wersal",
        "10": "first",
        "11": "instock",
        "12": "shipping-taxable",
        "13": "purchasable",
        "14": "product-type-variable",
        "15": "wvs-archive-product-wrapper"
    },
    "_links": {
        "self": [
            {
                "href": "https:\/\/baldumarket.lt\/en\/wp-json\/wp\/v2\/product\/153323",
                "targetHints": {
                    "allow": [
                        "GET"
                    ]
                }
            }
        ],
        "collection": [
            {
                "href": "https:\/\/baldumarket.lt\/en\/wp-json\/wp\/v2\/product"
            }
        ],
        "about": [
            {
                "href": "https:\/\/baldumarket.lt\/en\/wp-json\/wp\/v2\/types\/product"
            }
        ],
        "replies": [
            {
                "embeddable": true,
                "href": "https:\/\/baldumarket.lt\/en\/wp-json\/wp\/v2\/comments?post=153323"
            }
        ],
        "wp:featuredmedia": [
            {
                "embeddable": true,
                "href": "https:\/\/baldumarket.lt\/en\/wp-json\/wp\/v2\/media\/153390"
            }
        ],
        "wp:attachment": [
            {
                "href": "https:\/\/baldumarket.lt\/en\/wp-json\/wp\/v2\/media?parent=153323"
            }
        ],
        "wp:term": [
            {
                "taxonomy": "product_brand",
                "embeddable": true,
                "href": "https:\/\/baldumarket.lt\/en\/wp-json\/wp\/v2\/product_brand?post=153323"
            },
            {
                "taxonomy": "product_cat",
                "embeddable": true,
                "href": "https:\/\/baldumarket.lt\/en\/wp-json\/wp\/v2\/product_cat?post=153323"
            },
            {
                "taxonomy": "product_tag",
                "embeddable": true,
                "href": "https:\/\/baldumarket.lt\/en\/wp-json\/wp\/v2\/product_tag?post=153323"
            }
        ],
        "curies": [
            {
                "name": "wp",
                "href": "https:\/\/api.w.org\/{rel}",
                "templated": true
            }
        ]
    }
}